 {"id":103408,"date":"2026-08-30T18:25:17","date_gmt":"2026-08-30T16:25:17","guid":{"rendered":"https:\/\/nauticescala.com\/?post_type=news&#038;p=103408"},"modified":"2026-08-30T19:21:38","modified_gmt":"2026-08-30T17:21:38","slug":"25-years-regata-atena","status":"publish","type":"news","link":"https:\/\/nauticescala.com\/en\/news\/25-years-regata-atena\/","title":{"rendered":"25 Years of Regata Atena Filling the Waters of Emp\u00faries with Sails"},"content":{"rendered":"\n<p id=\"block-4e70d01e-6263-41b0-9b9a-ae098c324390\">The XXV Regata Atena celebrated a very special edition this weekend, marking its 25th anniversary. The dinghy sailing competition, organised by Club N\u00e0utic l&#8217;Escala on behalf of the Catalan Sailing Federation and with the support of the Town Council of l&#8217;Escala, brought together 80 participants in the waters of Emp\u00faries, confirming its status as one of the most emblematic sporting events of the town&#8217;s annual summer festival.<\/p>\n<section class=\"article-section\"><div class=\"container\">\n\n<\/div><\/section>\n<p id=\"block-c36d138b-746b-49de-be5c-167416cc3cec\">For a quarter of a century, Regata Atena has transformed the sea into an extension of the Festa Major celebrations, bringing together generations of sailors and helping to promote sailing along the Costa Brava. This commemorative edition once again demonstrated the event&#8217;s vitality and appeal among competitors from across the region.<\/p>\n<section class=\"article-section\"><div class=\"container\">\n\n<\/div><\/section>\n<p id=\"block-c36d138b-746b-49de-be5c-167416cc3cec\"><br><\/p>\n<section class=\"article-section\"><div class=\"container\">\n\n<\/div><\/section>    <figure class=\"image-banner\">\t\n\t\t<img decoding=\"async\" src=\"https:\/\/nauticescala.com\/wp-content\/uploads\/2026\/08\/2026-nauticescala-regata-atena-10.jpg\" alt=\"\" \/>\n\t<\/figure><!-- end image-banner -->\n<section class=\"article-section\"><div class=\"container\">\n\n<\/div><\/section>\n<p><a href=\"https:\/\/nauticescala.com\/wp-admin\/post.php?post=103405&amp;action=edit#\"><\/a>&nbsp;<br><a href=\"https:\/\/nauticescala.com\/wp-admin\/post.php?post=103405&amp;action=edit#\"><\/a><\/p>\n<section class=\"article-section\"><div class=\"container\">\n\n<\/div><\/section>\n<p>The sailing conditions put competitors to the test throughout the weekend, with shifting winds and sea conditions that gradually increased in intensity as the competition progressed. Despite these demanding circumstances, the sailors demonstrated remarkable adaptability and perseverance, allowing the full sporting programme of the XXV Regata Atena to be completed successfully.<br><\/p>\n<section class=\"article-section\"><div class=\"container\">\n\n<\/div><\/section>\n<p><br><\/p>\n<section class=\"article-section\"><div class=\"container\">\n\n<\/div><\/section>    <figure class=\"image-banner\">\t\n\t\t<img decoding=\"async\" src=\"https:\/\/nauticescala.com\/wp-content\/uploads\/2026\/08\/2026-nauticescala-regata-atena-7.jpg\" alt=\"\" \/>\n\t<\/figure><!-- end image-banner -->\n<section class=\"article-section\"><div class=\"container\">\n\n<\/div><\/section>\n<p><br><\/p>\n<section class=\"article-section\"><div class=\"container\">\n\n<\/div><\/section>\n<h3 class=\"wp-block-heading\">Sporting Results<\/h3>\n<section class=\"article-section\"><div class=\"container\">\n\n<\/div><\/section>\n<p>In the Optimist class, overall victory went to <strong>Mia Mateu of Club N\u00e0utic l&#8217;Escala<\/strong>, following a highly competitive weekend. <strong>Dani L\u00f3pez of Club N\u00e0utic Arenys de Mar<\/strong> finished second, while <strong>Loris Mateu, also representing Club N\u00e0utic l&#8217;Escala<\/strong>, secured third place.<\/p>\n<section class=\"article-section\"><div class=\"container\">\n\n<\/div><\/section>\n<p>In the ILCA 6 class, victory went to <strong>Jos\u00e9 Mar\u00eda Van der Ploeg of Club N\u00e0utic El Bal\u00eds<\/strong>, followed by <strong>Jos\u00e9 Maria Van der Ploeg, also of Club N\u00e0utic El Bal\u00eds<\/strong>, in second place. <strong>Miguel Noguer of Club N\u00e0utic El Masnou<\/strong> completed the podium.<\/p>\n<section class=\"article-section\"><div class=\"container\">\n\n<\/div><\/section>\n<p>In the Open category, <strong>Jordi Cam\u00f3s of CNCB Vela Palam\u00f3s<\/strong> claimed victory after the races contested throughout the weekend. Second place went to <strong>Marc Abanara of Club N\u00e0utic Arenys de Mar<\/strong>, while <strong>Laura Molina, also from Club N\u00e0utic Arenys de Mar<\/strong>, finished third.<\/p>\n<section class=\"article-section\"><div class=\"container\">\n\n<\/div><\/section>\n<p>In the Hansa class, victory went to <strong>Pep Campi Valls<\/strong>, followed by <strong>Anna Nadal<\/strong> in second place. Club N\u00e0utic l&#8217;Escala particularly values the participation of this class, which helps make Regata Atena an open and inclusive competition where sailors with diverse backgrounds and experiences can share the waters of Emp\u00faries.<br><\/p>\n<section class=\"article-section\"><div class=\"container\">\n\n<\/div><\/section>\n<p><\/p>\n<section class=\"article-section\"><div class=\"container\">\n\n<\/div><\/section>    <figure class=\"image-banner\">\t\n\t\t<img decoding=\"async\" src=\"https:\/\/nauticescala.com\/wp-content\/uploads\/2026\/08\/2026-nauticescala-regata-atena-3.jpg\" alt=\"\" \/>\n\t<\/figure><!-- end image-banner -->\n<section class=\"article-section\"><div class=\"container\">\n\n<\/div><\/section>\n<p><br>The prize-giving ceremony took place on Sunday at the Club N\u00e0utic l&#8217;Escala Sailing School and was attended by the Mayor of l&#8217;Escala, <strong>Josep Bofill<\/strong>, as part of this commemorative XXV edition of Regata Atena.<\/p>\n<section class=\"article-section\"><div class=\"container\">\n\n<\/div><\/section>\n<p>With this anniversary edition, Regata Atena reaches twenty-five years of history, consolidating its place as one of the most traditional dinghy sailing competitions on the Costa Brava calendar. Created with the aim of bringing l&#8217;Escala&#8217;s Festa Major celebrations onto the water, the regatta continues to bring together sport, territory and sea in an event that has become part of the identity of Club N\u00e0utic l&#8217;Escala and of summer in l&#8217;Escala itself.<br><br><\/p>\n<section class=\"article-section\"><div class=\"container\">\n\n<\/div><\/section>    <figure class=\"image-banner\">\t\n\t\t<img decoding=\"async\" src=\"https:\/\/nauticescala.com\/wp-content\/uploads\/2026\/08\/2026-nauticescala-8.jpg\" alt=\"\" \/>\n\t<\/figure><!-- end image-banner -->\n<section class=\"article-section\"><div class=\"container\">\n\n<\/div><\/section>\n<p><br>The competition was also organised within the framework of the Club&#8217;s <strong>Responsible Port<\/strong> programme, which promotes more sustainable and environmentally responsible sporting events. Among this year&#8217;s initiatives was the <strong>&#8220;Porta&#8217;m de cantimplora&#8221;<\/strong> campaign, promoted by Ports de la Generalitat, encouraging participants and accompanying visitors to reduce the use of single-use plastics and adopt more sustainable habits.<\/p>\n<section class=\"article-section\"><div class=\"container\">\n\n<\/div><\/section>\n<p id=\"block-bbe9699a-1273-45de-86d6-918efdaaee6d\">The XXV Regata Atena was organised by Club N\u00e0utic l&#8217;Escala on behalf of the Catalan Sailing Federation and with the collaboration of the Town Council of l&#8217;Escala. The Club would also like to thank all the organisations and companies that contributed to making this special anniversary edition possible, including the Tourist Office of l&#8217;Escala, Costa Brava Girona Tourism Board, Catalan Sailing Federation, La Ballena Alegre Costa Brava, Vacances Costa Brava, l&#8217;Escala Resort and Aparthotel El Cargol, as well as all volunteers, technical staff and professionals involved in the organisation of the event.<br><\/p>\n<section class=\"article-section\"><div class=\"container\">\n\n<\/div><\/section>\n    \n        <div class=\"btn-box\">\n            <a href=\"https:\/\/nauticescala.com\/en\/book-your-activity\/2026-regata-atena\/\" target=\"_self\" class=\"btn btn-primary\">More information<\/a>\n\n        \n        \n        \n            <a href=\"https:\/\/www.flickr.com\/photos\/nauticescala\/albums\/72157699254569531\/page2\" target=\"_blank\" class=\"btn btn-primary\">photographs<\/a>\n    \n\n        \n\n<\/div><!-- end btn-box -->\n\n   \n<section class=\"article-section\"><div class=\"container\">\n\n<\/div><\/section>    <figure class=\"image-banner\">\t\n\t\t<img decoding=\"async\" src=\"https:\/\/nauticescala.com\/wp-content\/uploads\/2026\/08\/2026-nauticescala-regata-atena-2.jpg\" alt=\"\" \/>\n\t<\/figure><!-- end image-banner -->\n","protected":false},"excerpt":{"rendered":"<p>The XXV Regata Atena celebrated its 25th anniversary, bringing together 80 sailors from Catalonia and Southern France in a special commemorative edition organised by Club N\u00e0utic l&#8217;Escala.<\/p>\n","protected":false},"featured_media":103451,"parent":0,"template":"","news-categories":[962],"news-tags":[],"class_list":["post-103408","news","type-news","status-publish","has-post-thumbnail","hentry","news-categories-regattas"],"acf":[],"yoast_head":"<!-- This site is optimized with the Yoast SEO Premium plugin v20.7 (Yoast SEO v28.3) - https:\/\/yoast.com\/product\/yoast-seo-premium-wordpress\/ -->\n<title>25 Years of Regata Atena Filling the Waters of Emp\u00faries with Sails &#8211; Club N\u00e0utic L\u2019Escala<\/title>\n<meta name=\"description\" content=\"25 Years of Regata Atena: 80 sailors gathered in Emp\u00faries to celebrate this special anniversary edition.\" \/>\n<meta name=\"robots\" content=\"index, follow, max-snippet:-1, max-image-preview:large, max-video-preview:-1\" \/>\n<link rel=\"canonical\" href=\"https:\/\/nauticescala.com\/en\/news\/25-years-regata-atena\/\" \/>\n<meta property=\"og:locale\" content=\"en_US\" \/>\n<meta property=\"og:type\" content=\"article\" \/>\n<meta property=\"og:title\" content=\"25 Years of Regata Atena Filling the Waters of Emp\u00faries with Sails\" \/>\n<meta property=\"og:description\" content=\"25 Years of Regata Atena: 80 sailors gathered in Emp\u00faries to celebrate this special anniversary edition.\" \/>\n<meta property=\"og:url\" content=\"https:\/\/nauticescala.com\/en\/news\/25-years-regata-atena\/\" \/>\n<meta property=\"og:site_name\" content=\"Club N\u00e0utic L\u2019Escala\" \/>\n<meta property=\"article:modified_time\" content=\"2026-08-30T17:21:38+00:00\" \/>\n<meta property=\"og:image\" content=\"https:\/\/nauticescala.com\/wp-content\/uploads\/2026\/08\/2026-nauticescala-regata-atena.jpg\" \/>\n\t<meta property=\"og:image:width\" content=\"1800\" \/>\n\t<meta property=\"og:image:height\" content=\"907\" \/>\n\t<meta property=\"og:image:type\" content=\"image\/jpeg\" \/>\n<meta name=\"twitter:card\" content=\"summary_large_image\" \/>\n<meta name=\"twitter:label1\" content=\"Est. reading time\" \/>\n\t<meta name=\"twitter:data1\" content=\"5 minutes\" \/>\n<script type=\"application\/ld+json\" class=\"yoast-schema-graph\">{\"@context\":\"https:\\\/\\\/schema.org\",\"@graph\":[{\"@type\":\"WebPage\",\"@id\":\"https:\\\/\\\/nauticescala.com\\\/en\\\/news\\\/25-years-regata-atena\\\/\",\"url\":\"https:\\\/\\\/nauticescala.com\\\/en\\\/news\\\/25-years-regata-atena\\\/\",\"name\":\"25 Years of Regata Atena Filling the Waters of Emp\u00faries with Sails &#8211; Club N\u00e0utic L\u2019Escala\",\"isPartOf\":{\"@id\":\"https:\\\/\\\/nauticescala.com\\\/#website\"},\"primaryImageOfPage\":{\"@id\":\"https:\\\/\\\/nauticescala.com\\\/en\\\/news\\\/25-years-regata-atena\\\/#primaryimage\"},\"image\":{\"@id\":\"https:\\\/\\\/nauticescala.com\\\/en\\\/news\\\/25-years-regata-atena\\\/#primaryimage\"},\"thumbnailUrl\":\"https:\\\/\\\/nauticescala.com\\\/wp-content\\\/uploads\\\/2026\\\/08\\\/2026-nauticescala-regata-atena.jpg\",\"datePublished\":\"2026-08-30T16:25:17+00:00\",\"dateModified\":\"2026-08-30T17:21:38+00:00\",\"description\":\"25 Years of Regata Atena: 80 sailors gathered in Emp\u00faries to celebrate this special anniversary edition.\",\"breadcrumb\":{\"@id\":\"https:\\\/\\\/nauticescala.com\\\/en\\\/news\\\/25-years-regata-atena\\\/#breadcrumb\"},\"inLanguage\":\"en-US\",\"potentialAction\":[{\"@type\":\"ReadAction\",\"target\":[\"https:\\\/\\\/nauticescala.com\\\/en\\\/news\\\/25-years-regata-atena\\\/\"]}]},{\"@type\":\"ImageObject\",\"inLanguage\":\"en-US\",\"@id\":\"https:\\\/\\\/nauticescala.com\\\/en\\\/news\\\/25-years-regata-atena\\\/#primaryimage\",\"url\":\"https:\\\/\\\/nauticescala.com\\\/wp-content\\\/uploads\\\/2026\\\/08\\\/2026-nauticescala-regata-atena.jpg\",\"contentUrl\":\"https:\\\/\\\/nauticescala.com\\\/wp-content\\\/uploads\\\/2026\\\/08\\\/2026-nauticescala-regata-atena.jpg\",\"width\":1800,\"height\":907},{\"@type\":\"BreadcrumbList\",\"@id\":\"https:\\\/\\\/nauticescala.com\\\/en\\\/news\\\/25-years-regata-atena\\\/#breadcrumb\",\"itemListElement\":[{\"@type\":\"ListItem\",\"position\":1,\"name\":\"Home\",\"item\":\"https:\\\/\\\/nauticescala.com\\\/en\\\/\"},{\"@type\":\"ListItem\",\"position\":2,\"name\":\"Not\u00edcies\",\"item\":\"https:\\\/\\\/nauticescala.com\\\/noticies\\\/\"},{\"@type\":\"ListItem\",\"position\":3,\"name\":\"25 Years of Regata Atena Filling the Waters of Emp\u00faries with Sails\"}]},{\"@type\":\"WebSite\",\"@id\":\"https:\\\/\\\/nauticescala.com\\\/#website\",\"url\":\"https:\\\/\\\/nauticescala.com\\\/\",\"name\":\"Club N\u00e0utic L\u2019Escala\",\"description\":\"Port esportiu a la Costa Brava\",\"potentialAction\":[{\"@type\":\"SearchAction\",\"target\":{\"@type\":\"EntryPoint\",\"urlTemplate\":\"https:\\\/\\\/nauticescala.com\\\/?s={search_term_string}\"},\"query-input\":{\"@type\":\"PropertyValueSpecification\",\"valueRequired\":true,\"valueName\":\"search_term_string\"}}],\"inLanguage\":\"en-US\"}]}<\/script>\n<!-- \/ Yoast SEO Premium plugin. -->","yoast_head_json":{"title":"25 Years of Regata Atena Filling the Waters of Emp\u00faries with Sails &#8211; Club N\u00e0utic L\u2019Escala","description":"25 Years of Regata Atena: 80 sailors gathered in Emp\u00faries to celebrate this special anniversary edition.","robots":{"index":"index","follow":"follow","max-snippet":"max-snippet:-1","max-image-preview":"max-image-preview:large","max-video-preview":"max-video-preview:-1"},"canonical":"https:\/\/nauticescala.com\/en\/news\/25-years-regata-atena\/","og_locale":"en_US","og_type":"article","og_title":"25 Years of Regata Atena Filling the Waters of Emp\u00faries with Sails","og_description":"25 Years of Regata Atena: 80 sailors gathered in Emp\u00faries to celebrate this special anniversary edition.","og_url":"https:\/\/nauticescala.com\/en\/news\/25-years-regata-atena\/","og_site_name":"Club N\u00e0utic L\u2019Escala","article_modified_time":"2026-08-30T17:21:38+00:00","og_image":[{"width":1800,"height":907,"url":"https:\/\/nauticescala.com\/wp-content\/uploads\/2026\/08\/2026-nauticescala-regata-atena.jpg","type":"image\/jpeg"}],"twitter_card":"summary_large_image","twitter_misc":{"Est. reading time":"5 minutes"},"schema":{"@context":"https:\/\/schema.org","@graph":[{"@type":"WebPage","@id":"https:\/\/nauticescala.com\/en\/news\/25-years-regata-atena\/","url":"https:\/\/nauticescala.com\/en\/news\/25-years-regata-atena\/","name":"25 Years of Regata Atena Filling the Waters of Emp\u00faries with Sails &#8211; Club N\u00e0utic L\u2019Escala","isPartOf":{"@id":"https:\/\/nauticescala.com\/#website"},"primaryImageOfPage":{"@id":"https:\/\/nauticescala.com\/en\/news\/25-years-regata-atena\/#primaryimage"},"image":{"@id":"https:\/\/nauticescala.com\/en\/news\/25-years-regata-atena\/#primaryimage"},"thumbnailUrl":"https:\/\/nauticescala.com\/wp-content\/uploads\/2026\/08\/2026-nauticescala-regata-atena.jpg","datePublished":"2026-08-30T16:25:17+00:00","dateModified":"2026-08-30T17:21:38+00:00","description":"25 Years of Regata Atena: 80 sailors gathered in Emp\u00faries to celebrate this special anniversary edition.","breadcrumb":{"@id":"https:\/\/nauticescala.com\/en\/news\/25-years-regata-atena\/#breadcrumb"},"inLanguage":"en-US","potentialAction":[{"@type":"ReadAction","target":["https:\/\/nauticescala.com\/en\/news\/25-years-regata-atena\/"]}]},{"@type":"ImageObject","inLanguage":"en-US","@id":"https:\/\/nauticescala.com\/en\/news\/25-years-regata-atena\/#primaryimage","url":"https:\/\/nauticescala.com\/wp-content\/uploads\/2026\/08\/2026-nauticescala-regata-atena.jpg","contentUrl":"https:\/\/nauticescala.com\/wp-content\/uploads\/2026\/08\/2026-nauticescala-regata-atena.jpg","width":1800,"height":907},{"@type":"BreadcrumbList","@id":"https:\/\/nauticescala.com\/en\/news\/25-years-regata-atena\/#breadcrumb","itemListElement":[{"@type":"ListItem","position":1,"name":"Home","item":"https:\/\/nauticescala.com\/en\/"},{"@type":"ListItem","position":2,"name":"Not\u00edcies","item":"https:\/\/nauticescala.com\/noticies\/"},{"@type":"ListItem","position":3,"name":"25 Years of Regata Atena Filling the Waters of Emp\u00faries with Sails"}]},{"@type":"WebSite","@id":"https:\/\/nauticescala.com\/#website","url":"https:\/\/nauticescala.com\/","name":"Club N\u00e0utic L\u2019Escala","description":"Port esportiu a la Costa Brava","potentialAction":[{"@type":"SearchAction","target":{"@type":"EntryPoint","urlTemplate":"https:\/\/nauticescala.com\/?s={search_term_string}"},"query-input":{"@type":"PropertyValueSpecification","valueRequired":true,"valueName":"search_term_string"}}],"inLanguage":"en-US"}]}},"_links":{"self":[{"href":"https:\/\/nauticescala.com\/en\/wp-json\/wp\/v2\/news\/103408","targetHints":{"allow":["GET"]}}],"collection":[{"href":"https:\/\/nauticescala.com\/en\/wp-json\/wp\/v2\/news"}],"about":[{"href":"https:\/\/nauticescala.com\/en\/wp-json\/wp\/v2\/types\/news"}],"wp:featuredmedia":[{"embeddable":true,"href":"https:\/\/nauticescala.com\/en\/wp-json\/wp\/v2\/media\/103451"}],"wp:attachment":[{"href":"https:\/\/nauticescala.com\/en\/wp-json\/wp\/v2\/media?parent=103408"}],"wp:term":[{"taxonomy":"news-categories","embeddable":true,"href":"https:\/\/nauticescala.com\/en\/wp-json\/wp\/v2\/news-categories?post=103408"},{"taxonomy":"news-tags","embeddable":true,"href":"https:\/\/nauticescala.com\/en\/wp-json\/wp\/v2\/news-tags?post=103408"}],"curies":[{"name":"wp","href":"https:\/\/api.w.org\/{rel}","templated":true}]}}