 {"id":103405,"date":"2026-08-30T18:23:29","date_gmt":"2026-08-30T16:23:29","guid":{"rendered":"https:\/\/nauticescala.com\/?post_type=news&#038;p=103405"},"modified":"2026-08-30T19:21:39","modified_gmt":"2026-08-30T17:21:39","slug":"25-anos-regata-atena","status":"publish","type":"news","link":"https:\/\/nauticescala.com\/es\/noticias\/25-anos-regata-atena\/","title":{"rendered":"25 a\u00f1os de Atena Regata llenando de velas el mar de Emp\u00faries"},"content":{"rendered":"\n<p>La XXV Atena Regata ha celebrado este fin de semana una edici\u00f3n muy especial coincidiendo con su 25\u00ba aniversario. La prueba de vela ligera, organizada por el Club N\u00e0utic l&#8217;Escala por delegaci\u00f3n de la Federaci\u00f3 Catalana de Vela y con la colaboraci\u00f3n del Ayuntamiento de l&#8217;Escala, ha reunido a 80 participantes en el mar de Emp\u00faries, consolid\u00e1ndose como una de las citas deportivas m\u00e1s emblem\u00e1ticas de la Fiesta Mayor de l&#8217;Escala.<\/p>\n<section class=\"article-section\"><div class=\"container\">\n\n<\/div><\/section>\n<p>Durante un cuarto de siglo, la Atena Regata ha convertido el mar en una extensi\u00f3n de la Fiesta Mayor, reuniendo a generaciones de navegantes y contribuyendo a la promoci\u00f3n del deporte de la vela en la Costa Brava. Esta edici\u00f3n conmemorativa ha vuelto a demostrar la buena salud de la prueba y su atractivo entre regatistas procedentes de distintos puntos del territorio.<br><\/p>\n<section class=\"article-section\"><div class=\"container\">\n\n<\/div><\/section>    <figure class=\"image-banner\">\t\n\t\t<img decoding=\"async\" src=\"https:\/\/nauticescala.com\/wp-content\/uploads\/2026\/08\/2026-nauticescala-regata-atena-10.jpg\" alt=\"\" \/>\n\t<\/figure><!-- end image-banner -->\n<section class=\"article-section\"><div class=\"container\">\n\n<\/div><\/section>\n<p><br><\/p>\n<section class=\"article-section\"><div class=\"container\">\n\n<\/div><\/section>\n<p>La competici\u00f3n ha contado con representaci\u00f3n de numerosos clubes n\u00e1uticos catalanes y del sur de Francia, entre ellos el Club N\u00e0utic l&#8217;Escala, el Club N\u00e0utic l&#8217;Estartit, el Club N\u00e0utic Sant Feliu de Gu\u00edxols, el Club N\u00e0utic El Bal\u00eds, el Club N\u00e0utic Masnou, el Club N\u00e0utic Canet-en-Roussillon, el Club N\u00e0utic Canet Perpignan, el Club Vela Calella, el Club de Mar Sitges y otras entidades deportivas del litoral catal\u00e1n. Esta diversidad de procedencias refuerza el car\u00e1cter abierto de la regata y su capacidad para atraer participantes de diferentes puntos del Mediterr\u00e1neo occidental.<\/p>\n<section class=\"article-section\"><div class=\"container\">\n\n<\/div><\/section>\n<p>La flota ha estado formada por embarcaciones de las clases Optimist, ILCA, Europe, Feva y Hansa, reuniendo a navegantes de todas las edades en una celebraci\u00f3n deportiva que ha llenado de velas el mar de Emp\u00faries.<\/p>\n<section class=\"article-section\"><div class=\"container\">\n\n<\/div><\/section>\n<p>Las condiciones de navegaci\u00f3n pusieron a prueba a los participantes durante el fin de semana, con un viento cambiante y un estado de la mar que fue aumentando en intensidad a medida que avanzaba la competici\u00f3n. A pesar de esta exigencia a\u00f1adida, los regatistas demostraron una gran capacidad de adaptaci\u00f3n y perseverancia, lo que permiti\u00f3 completar con \u00e9xito el programa deportivo de la XXV Regata Atena.<\/p>\n<section class=\"article-section\"><div class=\"container\">\n\n<\/div><\/section>\n<p><br><\/p>\n<section class=\"article-section\"><div class=\"container\">\n\n<\/div><\/section>    <figure class=\"image-banner\">\t\n\t\t<img decoding=\"async\" src=\"https:\/\/nauticescala.com\/wp-content\/uploads\/2026\/08\/2026-nauticescala-regata-atena-7.jpg\" alt=\"\" \/>\n\t<\/figure><!-- end image-banner -->\n<section class=\"article-section\"><div class=\"container\">\n\n<\/div><\/section>\n<p><br><\/p>\n<section class=\"article-section\"><div class=\"container\">\n\n<\/div><\/section>\n<h3 class=\"wp-block-heading\">Resultados deportivos<\/h3>\n<section class=\"article-section\"><div class=\"container\">\n\n<\/div><\/section>\n<p>En la clase Optimist, la victoria absoluta fue para <strong>Mia Mateu, del Club N\u00e0utic l&#8217;Escala<\/strong>, que se impuso tras un fin de semana muy competitivo. Completaron el podio <strong>Dani L\u00f3pez, del Club N\u00e0utic Arenys de Mar<\/strong>, en segunda posici\u00f3n, y <strong>Loris Mateu, tambi\u00e9n del Club N\u00e0utic l&#8217;Escala<\/strong>, en tercer lugar.<\/p>\n<section class=\"article-section\"><div class=\"container\">\n\n<\/div><\/section>\n<p>En la clase ILCA 6, el triunfo correspondi\u00f3 a <strong>Jos\u00e9 Mar\u00eda Van der Ploeg, del Club N\u00e0utic El Bal\u00eds<\/strong>, seguido por <strong>Jos\u00e9 Maria Van der Ploeg, tambi\u00e9n del Club N\u00e0utic El Bal\u00eds<\/strong>, en segunda posici\u00f3n. El podio lo complet\u00f3 <strong>Miguel Noguer, del Club N\u00e0utic El Masnou<\/strong>.<\/p>\n<section class=\"article-section\"><div class=\"container\">\n\n<\/div><\/section>\n<p>En la categor\u00eda Open, la victoria fue para <strong>Jordi Cam\u00f3s, del CNCB Vela Palam\u00f3s<\/strong>, tras las diferentes pruebas disputadas a lo largo del fin de semana. La segunda posici\u00f3n fue para <strong>Marc Abanara, del Club N\u00e0utic Arenys de Mar<\/strong>, mientras que <strong>Laura Molina, tambi\u00e9n del Club N\u00e0utic Arenys de Mar<\/strong>, complet\u00f3 el podio en tercera posici\u00f3n.<\/p>\n<section class=\"article-section\"><div class=\"container\">\n\n<\/div><\/section>\n<p>En la clase Hansa, la victoria fue para <strong>Pep Campi Valls<\/strong>, seguido de <strong>Anna Nadal<\/strong>. El Club N\u00e0utic l&#8217;Escala valora especialmente la participaci\u00f3n de esta clase, que contribuye a hacer de la Regata Atena una competici\u00f3n abierta e inclusiva, donde navegantes con perfiles diversos pueden compartir experiencias en el mar de Emp\u00faries.<\/p>\n<section class=\"article-section\"><div class=\"container\">\n\n<\/div><\/section>\n<p><br><\/p>\n<section class=\"article-section\"><div class=\"container\">\n\n<\/div><\/section>    <figure class=\"image-banner\">\t\n\t\t<img decoding=\"async\" src=\"https:\/\/nauticescala.com\/wp-content\/uploads\/2026\/08\/2026-nauticescala-regata-atena-3.jpg\" alt=\"\" \/>\n\t<\/figure><!-- end image-banner -->\n<section class=\"article-section\"><div class=\"container\">\n\n<\/div><\/section>\n<p><br><\/p>\n<section class=\"article-section\"><div class=\"container\">\n\n<\/div><\/section>\n<p>La entrega de trofeos se ha celebrado el domingo en las instalaciones de la Escuela de Vela del Club N\u00e0utic l&#8217;Escala con la participaci\u00f3n del alcalde de l&#8217;Escala, Josep Bofill, en el marco de esta edici\u00f3n conmemorativa de la XXV Atena Regata. <\/p>\n<section class=\"article-section\"><div class=\"container\">\n\n<\/div><\/section>\n<p>Con esta edici\u00f3n conmemorativa, la Atena Regata suma ya veinticinco a\u00f1os de historia, consolid\u00e1ndose como una de las competiciones con m\u00e1s tradici\u00f3n del calendario de vela ligera de la Costa Brava. Nacida con la voluntad de llevar la Fiesta Mayor de l&#8217;Escala al agua, la regata contin\u00faa uniendo deporte, territorio y mar en una cita que forma parte de la identidad del Club N\u00e0utic l&#8217;Escala y del verano escalense. <\/p>\n<section class=\"article-section\"><div class=\"container\">\n\n<\/div><\/section>\n<p><br><\/p>\n<section class=\"article-section\"><div class=\"container\">\n\n<\/div><\/section>    <figure class=\"image-banner\">\t\n\t\t<img decoding=\"async\" src=\"https:\/\/nauticescala.com\/wp-content\/uploads\/2026\/08\/2026-nauticescala-8.jpg\" alt=\"\" \/>\n\t<\/figure><!-- end image-banner -->\n<section class=\"article-section\"><div class=\"container\">\n\n<\/div><\/section>\n<p><br><\/p>\n<section class=\"article-section\"><div class=\"container\">\n\n<\/div><\/section>\n<p>La competici\u00f3n tambi\u00e9n se ha desarrollado en el marco del programa <strong>Port Responsable<\/strong> del Club N\u00e0utic l&#8217;Escala, que promueve la organizaci\u00f3n de eventos deportivos m\u00e1s sostenibles y respetuosos con el entorno. Entre las acciones impulsadas este a\u00f1o destaca la campa\u00f1a <strong>\u00abPorta&#8217;m de cantimplora\u00bb<\/strong>, de Ports de la Generalitat, con el objetivo de reducir el uso de envases de pl\u00e1stico de un solo uso y fomentar h\u00e1bitos m\u00e1s sostenibles entre participantes y acompa\u00f1antes. <\/p>\n<section class=\"article-section\"><div class=\"container\">\n\n<\/div><\/section>\n<p>La organizaci\u00f3n de la XXV Atena Regata ha corrido a cargo del Club N\u00e0utic l&#8217;Escala por delegaci\u00f3n de la Federaci\u00f3 Catalana de Vela y con la colaboraci\u00f3n del Ayuntamiento de l&#8217;Escala. La entidad quiere agradecer tambi\u00e9n el apoyo de las empresas y organismos colaboradores que han hecho posible esta edici\u00f3n tan especial: la Oficina de Turismo de l&#8217;Escala, el Patronato de Turismo Costa Brava Girona, la Federaci\u00f3 Catalana de Vela, La Ballena Alegre Costa Brava, Vacances Costa Brava, l&#8217;Escala Resort y Aparthotel El Cargol, as\u00ed como todas las personas voluntarias, equipos t\u00e9cnicos y profesionales que han contribuido a la organizaci\u00f3n del evento.<\/p>\n<section class=\"article-section\"><div class=\"container\">\n\n<\/div><\/section>\n<p><br><\/p>\n<section class=\"article-section\"><div class=\"container\">\n\n<\/div><\/section>\n    \n        <div class=\"btn-box\">\n            <a href=\"https:\/\/nauticescala.com\/es\/compra-actividades-costa-brava\/2026-regata-atena\/\" target=\"_self\" class=\"btn btn-primary\">M\u00e9s informaci\u00f3n<\/a>\n\n        \n        \n        \n            <a href=\"https:\/\/www.flickr.com\/photos\/nauticescala\/albums\/72157699254569531\/\" target=\"_blank\" class=\"btn btn-primary\">Fotograf\u00edas<\/a>\n    \n\n        \n\n<\/div><!-- end btn-box -->\n\n   \n<section class=\"article-section\"><div class=\"container\">\n\n<\/div><\/section>    <figure class=\"image-banner\">\t\n\t\t<img decoding=\"async\" src=\"https:\/\/nauticescala.com\/wp-content\/uploads\/2026\/08\/2026-nauticescala-regata-atena-2.jpg\" alt=\"\" \/>\n\t<\/figure><!-- end image-banner -->\n","protected":false},"excerpt":{"rendered":"<p>La XXV Atena Regata ha celebrado este fin de semana una edici\u00f3n muy especial coincidiendo con su 25\u00ba aniversario. La prueba de vela ligera, organizada por el Club N\u00e0utic l&#8217;Escala por delegaci\u00f3n de la Federaci\u00f3 Catalana de Vela y con la colaboraci\u00f3n del Ayuntamiento de l&#8217;Escala, ha reunido a 80 participantes en el mar de&#8230;<\/p>\n","protected":false},"featured_media":103452,"parent":0,"template":"","news-categories":[964],"news-tags":[],"class_list":["post-103405","news","type-news","status-publish","has-post-thumbnail","hentry","news-categories-regatas"],"acf":[],"yoast_head":"<!-- This site is optimized with the Yoast SEO Premium plugin v20.7 (Yoast SEO v28.3) - https:\/\/yoast.com\/product\/yoast-seo-premium-wordpress\/ -->\n<title>25 a\u00f1os de Atena Regata llenando de velas el mar de Emp\u00faries &#8211; Club N\u00e0utic L\u2019Escala<\/title>\n<meta name=\"description\" content=\"25 a\u00f1os de Regata Atena: 80 participantes en el mar de Emp\u00faries durante esta edici\u00f3n conmemorativa de la Fiesta Mayor.\" \/>\n<meta name=\"robots\" content=\"index, follow, max-snippet:-1, max-image-preview:large, max-video-preview:-1\" \/>\n<link rel=\"canonical\" href=\"https:\/\/nauticescala.com\/es\/noticias\/25-anos-regata-atena\/\" \/>\n<meta property=\"og:locale\" content=\"es_ES\" \/>\n<meta property=\"og:type\" content=\"article\" \/>\n<meta property=\"og:title\" content=\"25 a\u00f1os de Atena Regata llenando de velas el mar de Emp\u00faries\" \/>\n<meta property=\"og:description\" content=\"25 a\u00f1os de Regata Atena: 80 participantes en el mar de Emp\u00faries durante esta edici\u00f3n conmemorativa de la Fiesta Mayor.\" \/>\n<meta property=\"og:url\" content=\"https:\/\/nauticescala.com\/es\/noticias\/25-anos-regata-atena\/\" \/>\n<meta property=\"og:site_name\" content=\"Club N\u00e0utic L\u2019Escala\" \/>\n<meta property=\"article:modified_time\" content=\"2026-08-30T17:21:39+00:00\" \/>\n<meta property=\"og:image\" content=\"https:\/\/nauticescala.com\/wp-content\/uploads\/2026\/08\/2026-nauticescala-regata-atena.jpg\" \/>\n\t<meta property=\"og:image:width\" content=\"1800\" \/>\n\t<meta property=\"og:image:height\" content=\"907\" \/>\n\t<meta property=\"og:image:type\" content=\"image\/jpeg\" \/>\n<meta name=\"twitter:card\" content=\"summary_large_image\" \/>\n<meta name=\"twitter:label1\" content=\"Tiempo de lectura\" \/>\n\t<meta name=\"twitter:data1\" content=\"6 minutos\" \/>\n<script type=\"application\/ld+json\" class=\"yoast-schema-graph\">{\"@context\":\"https:\\\/\\\/schema.org\",\"@graph\":[{\"@type\":\"WebPage\",\"@id\":\"https:\\\/\\\/nauticescala.com\\\/es\\\/noticias\\\/25-anos-regata-atena\\\/\",\"url\":\"https:\\\/\\\/nauticescala.com\\\/es\\\/noticias\\\/25-anos-regata-atena\\\/\",\"name\":\"25 a\u00f1os de Atena Regata llenando de velas el mar de Emp\u00faries &#8211; Club N\u00e0utic L\u2019Escala\",\"isPartOf\":{\"@id\":\"https:\\\/\\\/nauticescala.com\\\/#website\"},\"primaryImageOfPage\":{\"@id\":\"https:\\\/\\\/nauticescala.com\\\/es\\\/noticias\\\/25-anos-regata-atena\\\/#primaryimage\"},\"image\":{\"@id\":\"https:\\\/\\\/nauticescala.com\\\/es\\\/noticias\\\/25-anos-regata-atena\\\/#primaryimage\"},\"thumbnailUrl\":\"https:\\\/\\\/nauticescala.com\\\/wp-content\\\/uploads\\\/2026\\\/08\\\/2026-nauticescala-regata-atena.jpg\",\"datePublished\":\"2026-08-30T16:23:29+00:00\",\"dateModified\":\"2026-08-30T17:21:39+00:00\",\"description\":\"25 a\u00f1os de Regata Atena: 80 participantes en el mar de Emp\u00faries durante esta edici\u00f3n conmemorativa de la Fiesta Mayor.\",\"breadcrumb\":{\"@id\":\"https:\\\/\\\/nauticescala.com\\\/es\\\/noticias\\\/25-anos-regata-atena\\\/#breadcrumb\"},\"inLanguage\":\"es\",\"potentialAction\":[{\"@type\":\"ReadAction\",\"target\":[\"https:\\\/\\\/nauticescala.com\\\/es\\\/noticias\\\/25-anos-regata-atena\\\/\"]}]},{\"@type\":\"ImageObject\",\"inLanguage\":\"es\",\"@id\":\"https:\\\/\\\/nauticescala.com\\\/es\\\/noticias\\\/25-anos-regata-atena\\\/#primaryimage\",\"url\":\"https:\\\/\\\/nauticescala.com\\\/wp-content\\\/uploads\\\/2026\\\/08\\\/2026-nauticescala-regata-atena.jpg\",\"contentUrl\":\"https:\\\/\\\/nauticescala.com\\\/wp-content\\\/uploads\\\/2026\\\/08\\\/2026-nauticescala-regata-atena.jpg\",\"width\":1800,\"height\":907},{\"@type\":\"BreadcrumbList\",\"@id\":\"https:\\\/\\\/nauticescala.com\\\/es\\\/noticias\\\/25-anos-regata-atena\\\/#breadcrumb\",\"itemListElement\":[{\"@type\":\"ListItem\",\"position\":1,\"name\":\"Home\",\"item\":\"https:\\\/\\\/nauticescala.com\\\/es\\\/\"},{\"@type\":\"ListItem\",\"position\":2,\"name\":\"Not\u00edcies\",\"item\":\"https:\\\/\\\/nauticescala.com\\\/noticies\\\/\"},{\"@type\":\"ListItem\",\"position\":3,\"name\":\"25 a\u00f1os de Atena Regata llenando de velas el mar de Emp\u00faries\"}]},{\"@type\":\"WebSite\",\"@id\":\"https:\\\/\\\/nauticescala.com\\\/#website\",\"url\":\"https:\\\/\\\/nauticescala.com\\\/\",\"name\":\"Club N\u00e0utic L\u2019Escala\",\"description\":\"Port esportiu a la Costa Brava\",\"potentialAction\":[{\"@type\":\"SearchAction\",\"target\":{\"@type\":\"EntryPoint\",\"urlTemplate\":\"https:\\\/\\\/nauticescala.com\\\/?s={search_term_string}\"},\"query-input\":{\"@type\":\"PropertyValueSpecification\",\"valueRequired\":true,\"valueName\":\"search_term_string\"}}],\"inLanguage\":\"es\"}]}<\/script>\n<!-- \/ Yoast SEO Premium plugin. -->","yoast_head_json":{"title":"25 a\u00f1os de Atena Regata llenando de velas el mar de Emp\u00faries &#8211; Club N\u00e0utic L\u2019Escala","description":"25 a\u00f1os de Regata Atena: 80 participantes en el mar de Emp\u00faries durante esta edici\u00f3n conmemorativa de la Fiesta Mayor.","robots":{"index":"index","follow":"follow","max-snippet":"max-snippet:-1","max-image-preview":"max-image-preview:large","max-video-preview":"max-video-preview:-1"},"canonical":"https:\/\/nauticescala.com\/es\/noticias\/25-anos-regata-atena\/","og_locale":"es_ES","og_type":"article","og_title":"25 a\u00f1os de Atena Regata llenando de velas el mar de Emp\u00faries","og_description":"25 a\u00f1os de Regata Atena: 80 participantes en el mar de Emp\u00faries durante esta edici\u00f3n conmemorativa de la Fiesta Mayor.","og_url":"https:\/\/nauticescala.com\/es\/noticias\/25-anos-regata-atena\/","og_site_name":"Club N\u00e0utic L\u2019Escala","article_modified_time":"2026-08-30T17:21:39+00:00","og_image":[{"width":1800,"height":907,"url":"https:\/\/nauticescala.com\/wp-content\/uploads\/2026\/08\/2026-nauticescala-regata-atena.jpg","type":"image\/jpeg"}],"twitter_card":"summary_large_image","twitter_misc":{"Tiempo de lectura":"6 minutos"},"schema":{"@context":"https:\/\/schema.org","@graph":[{"@type":"WebPage","@id":"https:\/\/nauticescala.com\/es\/noticias\/25-anos-regata-atena\/","url":"https:\/\/nauticescala.com\/es\/noticias\/25-anos-regata-atena\/","name":"25 a\u00f1os de Atena Regata llenando de velas el mar de Emp\u00faries &#8211; Club N\u00e0utic L\u2019Escala","isPartOf":{"@id":"https:\/\/nauticescala.com\/#website"},"primaryImageOfPage":{"@id":"https:\/\/nauticescala.com\/es\/noticias\/25-anos-regata-atena\/#primaryimage"},"image":{"@id":"https:\/\/nauticescala.com\/es\/noticias\/25-anos-regata-atena\/#primaryimage"},"thumbnailUrl":"https:\/\/nauticescala.com\/wp-content\/uploads\/2026\/08\/2026-nauticescala-regata-atena.jpg","datePublished":"2026-08-30T16:23:29+00:00","dateModified":"2026-08-30T17:21:39+00:00","description":"25 a\u00f1os de Regata Atena: 80 participantes en el mar de Emp\u00faries durante esta edici\u00f3n conmemorativa de la Fiesta Mayor.","breadcrumb":{"@id":"https:\/\/nauticescala.com\/es\/noticias\/25-anos-regata-atena\/#breadcrumb"},"inLanguage":"es","potentialAction":[{"@type":"ReadAction","target":["https:\/\/nauticescala.com\/es\/noticias\/25-anos-regata-atena\/"]}]},{"@type":"ImageObject","inLanguage":"es","@id":"https:\/\/nauticescala.com\/es\/noticias\/25-anos-regata-atena\/#primaryimage","url":"https:\/\/nauticescala.com\/wp-content\/uploads\/2026\/08\/2026-nauticescala-regata-atena.jpg","contentUrl":"https:\/\/nauticescala.com\/wp-content\/uploads\/2026\/08\/2026-nauticescala-regata-atena.jpg","width":1800,"height":907},{"@type":"BreadcrumbList","@id":"https:\/\/nauticescala.com\/es\/noticias\/25-anos-regata-atena\/#breadcrumb","itemListElement":[{"@type":"ListItem","position":1,"name":"Home","item":"https:\/\/nauticescala.com\/es\/"},{"@type":"ListItem","position":2,"name":"Not\u00edcies","item":"https:\/\/nauticescala.com\/noticies\/"},{"@type":"ListItem","position":3,"name":"25 a\u00f1os de Atena Regata llenando de velas el mar de Emp\u00faries"}]},{"@type":"WebSite","@id":"https:\/\/nauticescala.com\/#website","url":"https:\/\/nauticescala.com\/","name":"Club N\u00e0utic L\u2019Escala","description":"Port esportiu a la Costa Brava","potentialAction":[{"@type":"SearchAction","target":{"@type":"EntryPoint","urlTemplate":"https:\/\/nauticescala.com\/?s={search_term_string}"},"query-input":{"@type":"PropertyValueSpecification","valueRequired":true,"valueName":"search_term_string"}}],"inLanguage":"es"}]}},"_links":{"self":[{"href":"https:\/\/nauticescala.com\/es\/wp-json\/wp\/v2\/news\/103405","targetHints":{"allow":["GET"]}}],"collection":[{"href":"https:\/\/nauticescala.com\/es\/wp-json\/wp\/v2\/news"}],"about":[{"href":"https:\/\/nauticescala.com\/es\/wp-json\/wp\/v2\/types\/news"}],"wp:featuredmedia":[{"embeddable":true,"href":"https:\/\/nauticescala.com\/es\/wp-json\/wp\/v2\/media\/103452"}],"wp:attachment":[{"href":"https:\/\/nauticescala.com\/es\/wp-json\/wp\/v2\/media?parent=103405"}],"wp:term":[{"taxonomy":"news-categories","embeddable":true,"href":"https:\/\/nauticescala.com\/es\/wp-json\/wp\/v2\/news-categories?post=103405"},{"taxonomy":"news-tags","embeddable":true,"href":"https:\/\/nauticescala.com\/es\/wp-json\/wp\/v2\/news-tags?post=103405"}],"curies":[{"name":"wp","href":"https:\/\/api.w.org\/{rel}","templated":true}]}}