 {"id":38376,"date":"2022-04-02T14:26:25","date_gmt":"2022-04-02T12:26:25","guid":{"rendered":"http:\/\/nauticescala.com\/noticies\/campionat-europa-ilca-master-2022\/"},"modified":"2022-04-03T13:08:30","modified_gmt":"2022-04-03T11:08:30","slug":"campeonato-europa-ilca-master-2022","status":"publish","type":"news","link":"https:\/\/nauticescala.com\/es\/noticias\/campeonato-europa-ilca-master-2022\/","title":{"rendered":"El Club N\u00e0utic L&#8217;Escala ser\u00e1 la sede del Campeonato de Europa Master 2022 de la clase ILCA de vela ligera"},"content":{"rendered":"\n<p>El Club N\u00e0utic l&#8217;Escala ha sido elegido por EurILCA, la asociaci\u00f3n europea de la clase ILCA, para convertirse en la sede del Campeonato de Europa 2022 de la divisi\u00f3n Master (mayores de 35 a\u00f1os) de esta embarcaci\u00f3n de vela ligera individual.<\/p>\n<section class=\"article-section\"><div class=\"container\">\n\n<\/div><\/section>\n<p>El <a href=\"https:\/\/nauticescala.com\/es\/compra-actividades-costa-brava\/campeonato-europa-ilca-master-2022\/\">EurILCA Masters European Championship<\/a> de este a\u00f1o llenar\u00e1 el mar de Emp\u00faries de velas entre los d\u00edas 7 y 13 de octubre. Durante una semana, L&#8217;Escala, la Costa Brava y Girona se convertir\u00e1n en el centro de acci\u00f3n de la vela ligera internacional.<\/p>\n<section class=\"article-section\"><div class=\"container\">\n\n<\/div><\/section>    <figure class=\"image-banner\">\t\n\t\t<img decoding=\"async\" src=\"https:\/\/nauticescala.com\/wp-content\/uploads\/2022\/04\/2022-club-nautic-lescala-europeu-ilca-master-regates.jpg\" alt=\"\" \/>\n\t<\/figure><!-- end image-banner -->\n<section class=\"article-section\"><div class=\"container\">\n\n<\/div><\/section>\n<h3 class=\"wp-block-heading\">M\u00e1s de 200 navegantes en el mar d&#8217;Emp\u00faries<\/h3>\n<section class=\"article-section\"><div class=\"container\">\n\n<\/div><\/section>\n<p>La organizaci\u00f3n prev\u00e9 que la competici\u00f3n re\u00fana entre 200 y 250 navegantes de la clase, representando hasta 15 pa\u00edses de toda Europa y otros lugares del mundo. La \u00faltima edici\u00f3n cont\u00f3 con inscritos de pa\u00edses como Estados Unidos, Rusia, Canad\u00e1 o Argentina.<\/p>\n<section class=\"article-section\"><div class=\"container\">\n\n<\/div><\/section>\n<p>La organizaci\u00f3n, que estar\u00e1 conformada por unas 40 personas entre trabajadores del Club, jueces y voluntarios, calcula que el evento tendr\u00e1 un impacto de unos 175.000 euros directos durante los siete d\u00edas de competici\u00f3n.<\/p>\n<section class=\"article-section\"><div class=\"container\">\n\n<\/div><\/section>    <figure class=\"image-banner\">\t\n\t\t<img decoding=\"async\" src=\"https:\/\/nauticescala.com\/wp-content\/uploads\/2020\/02\/2017-cn-lescala-costa-brava-camp-cat-lsr-regates.jpg\" alt=\"\" \/>\n\t<\/figure><!-- end image-banner -->\n<section class=\"article-section\"><div class=\"container\">\n\n<\/div><\/section>\n<h3 class=\"wp-block-heading\">Para competir y disfrutar de l&#8217;Escala<\/h3>\n<section class=\"article-section\"><div class=\"container\">\n\n<\/div><\/section>\n<p>El campeonato est\u00e1 previsto que se resuelva en cinco d\u00edas de pruebas en el agua y se reservan los dos iniciales para la formalizaci\u00f3n de las inscripciones, las mediciones y la celebraci\u00f3n de la ceremonia inaugural. El programa social que est\u00e1 preparando la organizaci\u00f3n incluir\u00e1 tambi\u00e9n otros momentos de encuentro para que los regatistas disfruten de buenos momentos en el puerto y en L\u2019Escala compartiendo sus experiencias en el agua.<\/p>\n<section class=\"article-section\"><div class=\"container\">\n\n<\/div><\/section>    <figure class=\"image-banner\">\t\n\t\t<img decoding=\"async\" src=\"https:\/\/nauticescala.com\/wp-content\/uploads\/2022\/04\/2022-club-nautic-lescala-regates-vela-lleugera-4.jpg\" alt=\"\" \/>\n\t<\/figure><!-- end image-banner -->\n<section class=\"article-section\"><div class=\"container\">\n\n<\/div><\/section>\n<h3 class=\"wp-block-heading\">La clase ILCA<\/h3>\n<section class=\"article-section\"><div class=\"container\">\n\n<\/div><\/section>\n<p>La embarcaci\u00f3n ILCA (antiguamente llamada Laser) es de navegaci\u00f3n individual y puede aparejarse con tres tama\u00f1os de vela diferentes: Standard, Radial 0 4.7 (de mayores a menores dimensiones). En su modalidad Master se dirige a regatistas mayores de 35 a\u00f1os, que se dividen en categor\u00edas seg\u00fan su edad para competir en la mayor igualdad de condiciones. Este tipo de competici\u00f3n acoge a navegantes que pueden superar los 75 a\u00f1os, lo que demuestra que la pr\u00e1ctica de la vela ligera no tiene l\u00edmite de edad. Las categor\u00edas por edades son Apprentice (35 a 44 a\u00f1os), Master (45 a 54 a\u00f1os), Grand Master (55 a 64 a\u00f1os), Great Grand Master (65 a\u00f1os o m\u00e1s) y Legend Master (75 a\u00f1os o m\u00e1s).<\/p>\n<section class=\"article-section\"><div class=\"container\">\n\n<\/div><\/section>    <figure class=\"image-banner\">\t\n\t\t<img decoding=\"async\" src=\"https:\/\/nauticescala.com\/wp-content\/uploads\/2022\/04\/2022-club-nautic-lescala-regates-vela-lleugera-8.jpg\" alt=\"\" \/>\n\t<\/figure><!-- end image-banner -->\n<section class=\"article-section\"><div class=\"container\">\n\n<\/div><\/section>\n<h3 class=\"wp-block-heading\">Una regata posible gracias a&#8230;<\/h3>\n<section class=\"article-section\"><div class=\"container\">\n\n<\/div><\/section>\n<p>El EurILCA Masters European Championship 2022 se celebrar\u00e1 entre los d\u00edas 7 y 13 de octubre bajo la organizaci\u00f3n del Club N\u00e1utico L&#8217;Escala y EurILCA. Recibir\u00e1 el apoyo institucional del Patronato de Turismo Costa Brava, la Diputaci\u00f3n de Girona, la Real Federaci\u00f3n Espa\u00f1ola de Vela, el Consejo Superior de Deportes del Gobierno de Espa\u00f1a, la Federaci\u00f3n Catalana de Vela, Ports de la Generalitat, la Secretar\u00eda General del Deporte y la Educaci\u00f3n F\u00edsica de la Generalitat de Catalu\u00f1a y el Ayuntamiento de L&#8217;Escala. Contar\u00e1, adem\u00e1s, con la colaboraci\u00f3n de las empresas Camping La Ballena Alegre, L&#8217;Escala Resort, Vacances Costa Brava y Novaimport, entre otros.<\/p>\n","protected":false},"excerpt":{"rendered":"<p>El EurILCA Masters European Championship llenar\u00e1 el mar de Emp\u00faries de velas entre los d\u00edas 7 y 13 de octubre.<\/p>\n","protected":false},"featured_media":11945,"parent":0,"template":"","news-categories":[964],"news-tags":[],"class_list":["post-38376","news","type-news","status-publish","has-post-thumbnail","hentry","news-categories-regatas"],"acf":[],"yoast_head":"<!-- This site is optimized with the Yoast SEO Premium plugin v20.7 (Yoast SEO v27.5) - https:\/\/yoast.com\/product\/yoast-seo-premium-wordpress\/ -->\n<title>El Club N\u00e0utic L&#039;Escala ser\u00e1 la sede del Campeonato de Europa Master 2022 de la clase ILCA de vela ligera &#8211; Club N\u00e0utic L\u2019Escala<\/title>\n<meta name=\"description\" content=\"El EurILCA Masters European Championship llenar\u00e1 el mar de Emp\u00faries de velas entre los d\u00edas 7 y 13 de octubre.\" \/>\n<meta name=\"robots\" content=\"index, follow, max-snippet:-1, max-image-preview:large, max-video-preview:-1\" \/>\n<link rel=\"canonical\" href=\"https:\/\/nauticescala.com\/es\/noticias\/campeonato-europa-ilca-master-2022\/\" \/>\n<meta property=\"og:locale\" content=\"es_ES\" \/>\n<meta property=\"og:type\" content=\"article\" \/>\n<meta property=\"og:title\" content=\"El Club N\u00e0utic L&#039;Escala ser\u00e1 la sede del Campeonato de Europa Master 2022 de la clase ILCA de vela ligera\" \/>\n<meta property=\"og:description\" content=\"El EurILCA Masters European Championship llenar\u00e1 el mar de Emp\u00faries de velas entre los d\u00edas 7 y 13 de octubre.\" \/>\n<meta property=\"og:url\" content=\"https:\/\/nauticescala.com\/es\/noticias\/campeonato-europa-ilca-master-2022\/\" \/>\n<meta property=\"og:site_name\" content=\"Club N\u00e0utic L\u2019Escala\" \/>\n<meta property=\"article:modified_time\" content=\"2022-04-03T11:08:30+00:00\" \/>\n<meta property=\"og:image\" content=\"https:\/\/nauticescala.com\/wp-content\/uploads\/2020\/02\/2017-cn-lescala-costa-brava-50-aniversari-camp-cat-lsr-costa-brava-laser-navegar-regatas-regates-veles-dempuries.jpg\" \/>\n\t<meta property=\"og:image:width\" content=\"1200\" \/>\n\t<meta property=\"og:image:height\" content=\"605\" \/>\n\t<meta property=\"og:image:type\" content=\"image\/jpeg\" \/>\n<meta name=\"twitter:card\" content=\"summary_large_image\" \/>\n<meta name=\"twitter:label1\" content=\"Tiempo de lectura\" \/>\n\t<meta name=\"twitter:data1\" content=\"3 minutos\" \/>\n<script type=\"application\/ld+json\" class=\"yoast-schema-graph\">{\"@context\":\"https:\\\/\\\/schema.org\",\"@graph\":[{\"@type\":\"WebPage\",\"@id\":\"https:\\\/\\\/nauticescala.com\\\/es\\\/noticias\\\/campeonato-europa-ilca-master-2022\\\/\",\"url\":\"https:\\\/\\\/nauticescala.com\\\/es\\\/noticias\\\/campeonato-europa-ilca-master-2022\\\/\",\"name\":\"El Club N\u00e0utic L'Escala ser\u00e1 la sede del Campeonato de Europa Master 2022 de la clase ILCA de vela ligera &#8211; Club N\u00e0utic L\u2019Escala\",\"isPartOf\":{\"@id\":\"https:\\\/\\\/nauticescala.com\\\/#website\"},\"primaryImageOfPage\":{\"@id\":\"https:\\\/\\\/nauticescala.com\\\/es\\\/noticias\\\/campeonato-europa-ilca-master-2022\\\/#primaryimage\"},\"image\":{\"@id\":\"https:\\\/\\\/nauticescala.com\\\/es\\\/noticias\\\/campeonato-europa-ilca-master-2022\\\/#primaryimage\"},\"thumbnailUrl\":\"https:\\\/\\\/nauticescala.com\\\/wp-content\\\/uploads\\\/2020\\\/02\\\/2017-cn-lescala-costa-brava-50-aniversari-camp-cat-lsr-costa-brava-laser-navegar-regatas-regates-veles-dempuries.jpg\",\"datePublished\":\"2022-04-02T12:26:25+00:00\",\"dateModified\":\"2022-04-03T11:08:30+00:00\",\"description\":\"El EurILCA Masters European Championship llenar\u00e1 el mar de Emp\u00faries de velas entre los d\u00edas 7 y 13 de octubre.\",\"breadcrumb\":{\"@id\":\"https:\\\/\\\/nauticescala.com\\\/es\\\/noticias\\\/campeonato-europa-ilca-master-2022\\\/#breadcrumb\"},\"inLanguage\":\"es\",\"potentialAction\":[{\"@type\":\"ReadAction\",\"target\":[\"https:\\\/\\\/nauticescala.com\\\/es\\\/noticias\\\/campeonato-europa-ilca-master-2022\\\/\"]}]},{\"@type\":\"ImageObject\",\"inLanguage\":\"es\",\"@id\":\"https:\\\/\\\/nauticescala.com\\\/es\\\/noticias\\\/campeonato-europa-ilca-master-2022\\\/#primaryimage\",\"url\":\"https:\\\/\\\/nauticescala.com\\\/wp-content\\\/uploads\\\/2020\\\/02\\\/2017-cn-lescala-costa-brava-50-aniversari-camp-cat-lsr-costa-brava-laser-navegar-regatas-regates-veles-dempuries.jpg\",\"contentUrl\":\"https:\\\/\\\/nauticescala.com\\\/wp-content\\\/uploads\\\/2020\\\/02\\\/2017-cn-lescala-costa-brava-50-aniversari-camp-cat-lsr-costa-brava-laser-navegar-regatas-regates-veles-dempuries.jpg\",\"width\":1200,\"height\":605},{\"@type\":\"BreadcrumbList\",\"@id\":\"https:\\\/\\\/nauticescala.com\\\/es\\\/noticias\\\/campeonato-europa-ilca-master-2022\\\/#breadcrumb\",\"itemListElement\":[{\"@type\":\"ListItem\",\"position\":1,\"name\":\"Home\",\"item\":\"https:\\\/\\\/nauticescala.com\\\/es\\\/\"},{\"@type\":\"ListItem\",\"position\":2,\"name\":\"Not\u00edcies\",\"item\":\"https:\\\/\\\/nauticescala.com\\\/noticies\\\/\"},{\"@type\":\"ListItem\",\"position\":3,\"name\":\"El Club N\u00e0utic L&#8217;Escala ser\u00e1 la sede del Campeonato de Europa Master 2022 de la clase ILCA de vela ligera\"}]},{\"@type\":\"WebSite\",\"@id\":\"https:\\\/\\\/nauticescala.com\\\/#website\",\"url\":\"https:\\\/\\\/nauticescala.com\\\/\",\"name\":\"Club N\u00e0utic L\u2019Escala\",\"description\":\"Port esportiu a la Costa Brava\",\"potentialAction\":[{\"@type\":\"SearchAction\",\"target\":{\"@type\":\"EntryPoint\",\"urlTemplate\":\"https:\\\/\\\/nauticescala.com\\\/?s={search_term_string}\"},\"query-input\":{\"@type\":\"PropertyValueSpecification\",\"valueRequired\":true,\"valueName\":\"search_term_string\"}}],\"inLanguage\":\"es\"}]}<\/script>\n<!-- \/ Yoast SEO Premium plugin. -->","yoast_head_json":{"title":"El Club N\u00e0utic L'Escala ser\u00e1 la sede del Campeonato de Europa Master 2022 de la clase ILCA de vela ligera &#8211; Club N\u00e0utic L\u2019Escala","description":"El EurILCA Masters European Championship llenar\u00e1 el mar de Emp\u00faries de velas entre los d\u00edas 7 y 13 de octubre.","robots":{"index":"index","follow":"follow","max-snippet":"max-snippet:-1","max-image-preview":"max-image-preview:large","max-video-preview":"max-video-preview:-1"},"canonical":"https:\/\/nauticescala.com\/es\/noticias\/campeonato-europa-ilca-master-2022\/","og_locale":"es_ES","og_type":"article","og_title":"El Club N\u00e0utic L'Escala ser\u00e1 la sede del Campeonato de Europa Master 2022 de la clase ILCA de vela ligera","og_description":"El EurILCA Masters European Championship llenar\u00e1 el mar de Emp\u00faries de velas entre los d\u00edas 7 y 13 de octubre.","og_url":"https:\/\/nauticescala.com\/es\/noticias\/campeonato-europa-ilca-master-2022\/","og_site_name":"Club N\u00e0utic L\u2019Escala","article_modified_time":"2022-04-03T11:08:30+00:00","og_image":[{"width":1200,"height":605,"url":"https:\/\/nauticescala.com\/wp-content\/uploads\/2020\/02\/2017-cn-lescala-costa-brava-50-aniversari-camp-cat-lsr-costa-brava-laser-navegar-regatas-regates-veles-dempuries.jpg","type":"image\/jpeg"}],"twitter_card":"summary_large_image","twitter_misc":{"Tiempo de lectura":"3 minutos"},"schema":{"@context":"https:\/\/schema.org","@graph":[{"@type":"WebPage","@id":"https:\/\/nauticescala.com\/es\/noticias\/campeonato-europa-ilca-master-2022\/","url":"https:\/\/nauticescala.com\/es\/noticias\/campeonato-europa-ilca-master-2022\/","name":"El Club N\u00e0utic L'Escala ser\u00e1 la sede del Campeonato de Europa Master 2022 de la clase ILCA de vela ligera &#8211; Club N\u00e0utic L\u2019Escala","isPartOf":{"@id":"https:\/\/nauticescala.com\/#website"},"primaryImageOfPage":{"@id":"https:\/\/nauticescala.com\/es\/noticias\/campeonato-europa-ilca-master-2022\/#primaryimage"},"image":{"@id":"https:\/\/nauticescala.com\/es\/noticias\/campeonato-europa-ilca-master-2022\/#primaryimage"},"thumbnailUrl":"https:\/\/nauticescala.com\/wp-content\/uploads\/2020\/02\/2017-cn-lescala-costa-brava-50-aniversari-camp-cat-lsr-costa-brava-laser-navegar-regatas-regates-veles-dempuries.jpg","datePublished":"2022-04-02T12:26:25+00:00","dateModified":"2022-04-03T11:08:30+00:00","description":"El EurILCA Masters European Championship llenar\u00e1 el mar de Emp\u00faries de velas entre los d\u00edas 7 y 13 de octubre.","breadcrumb":{"@id":"https:\/\/nauticescala.com\/es\/noticias\/campeonato-europa-ilca-master-2022\/#breadcrumb"},"inLanguage":"es","potentialAction":[{"@type":"ReadAction","target":["https:\/\/nauticescala.com\/es\/noticias\/campeonato-europa-ilca-master-2022\/"]}]},{"@type":"ImageObject","inLanguage":"es","@id":"https:\/\/nauticescala.com\/es\/noticias\/campeonato-europa-ilca-master-2022\/#primaryimage","url":"https:\/\/nauticescala.com\/wp-content\/uploads\/2020\/02\/2017-cn-lescala-costa-brava-50-aniversari-camp-cat-lsr-costa-brava-laser-navegar-regatas-regates-veles-dempuries.jpg","contentUrl":"https:\/\/nauticescala.com\/wp-content\/uploads\/2020\/02\/2017-cn-lescala-costa-brava-50-aniversari-camp-cat-lsr-costa-brava-laser-navegar-regatas-regates-veles-dempuries.jpg","width":1200,"height":605},{"@type":"BreadcrumbList","@id":"https:\/\/nauticescala.com\/es\/noticias\/campeonato-europa-ilca-master-2022\/#breadcrumb","itemListElement":[{"@type":"ListItem","position":1,"name":"Home","item":"https:\/\/nauticescala.com\/es\/"},{"@type":"ListItem","position":2,"name":"Not\u00edcies","item":"https:\/\/nauticescala.com\/noticies\/"},{"@type":"ListItem","position":3,"name":"El Club N\u00e0utic L&#8217;Escala ser\u00e1 la sede del Campeonato de Europa Master 2022 de la clase ILCA de vela ligera"}]},{"@type":"WebSite","@id":"https:\/\/nauticescala.com\/#website","url":"https:\/\/nauticescala.com\/","name":"Club N\u00e0utic L\u2019Escala","description":"Port esportiu a la Costa Brava","potentialAction":[{"@type":"SearchAction","target":{"@type":"EntryPoint","urlTemplate":"https:\/\/nauticescala.com\/?s={search_term_string}"},"query-input":{"@type":"PropertyValueSpecification","valueRequired":true,"valueName":"search_term_string"}}],"inLanguage":"es"}]}},"_links":{"self":[{"href":"https:\/\/nauticescala.com\/es\/wp-json\/wp\/v2\/news\/38376","targetHints":{"allow":["GET"]}}],"collection":[{"href":"https:\/\/nauticescala.com\/es\/wp-json\/wp\/v2\/news"}],"about":[{"href":"https:\/\/nauticescala.com\/es\/wp-json\/wp\/v2\/types\/news"}],"wp:featuredmedia":[{"embeddable":true,"href":"https:\/\/nauticescala.com\/es\/wp-json\/wp\/v2\/media\/11945"}],"wp:attachment":[{"href":"https:\/\/nauticescala.com\/es\/wp-json\/wp\/v2\/media?parent=38376"}],"wp:term":[{"taxonomy":"news-categories","embeddable":true,"href":"https:\/\/nauticescala.com\/es\/wp-json\/wp\/v2\/news-categories?post=38376"},{"taxonomy":"news-tags","embeddable":true,"href":"https:\/\/nauticescala.com\/es\/wp-json\/wp\/v2\/news-tags?post=38376"}],"curies":[{"name":"wp","href":"https:\/\/api.w.org\/{rel}","templated":true}]}}