 {"id":50711,"date":"2023-03-16T14:18:01","date_gmt":"2023-03-16T13:18:01","guid":{"rendered":"https:\/\/nauticescala.com\/noticies\/presentacio-campionat-despanya-optimist-2023\/"},"modified":"2023-03-16T14:23:21","modified_gmt":"2023-03-16T13:23:21","slug":"presentacion-campeonato-espana-optimist-2023","status":"publish","type":"news","link":"https:\/\/nauticescala.com\/es\/noticias\/presentacion-campeonato-espana-optimist-2023\/","title":{"rendered":"L\u2019Escala acoge el Campeonato de Espa\u00f1a de vela infantil 2023"},"content":{"rendered":"\n<p>El Club N\u00e0utic L&#8217;Escala ser\u00e1 la sede del <a href=\"https:\/\/nauticescala.com\/es\/compra-actividades-costa-brava\/2023-campeonato-de-espana-optimist\/\">Campeonato de Espa\u00f1a de vela infantil de la clase Optimist 2023<\/a> entre los d\u00edas 1 y 9 de abril. La regata ha sido presentada hoy, jueves 16 de marzo a las 12 h en el Sal\u00f3n de Actos del Ayuntamiento de L&#8217;Escala, iniciando la cuenta atr\u00e1s de una cita que contar\u00e1 con la participaci\u00f3n de unos 150 j\u00f3venes navegantes procedentes de 18 comunidades aut\u00f3nomas. Con ellos, se calcula la presencia en el municipio alto ampurdan\u00e9s de hasta 300 personas acompa\u00f1antes entre entrenadores y familiares.<\/p>\n<section class=\"article-section\"><div class=\"container\">\n\n<\/div><\/section>    <figure class=\"image-banner\">\t\n\t\t<img decoding=\"async\" src=\"https:\/\/nauticescala.com\/wp-content\/uploads\/2023\/03\/2023-club-nautic-lescala-camp-espanya-optimist.jpg\" alt=\"\" \/>\n\t<\/figure><!-- end image-banner -->\n<section class=\"article-section\"><div class=\"container\">\n\n<\/div><\/section>\n<p>El acto ha contado con las intervenciones de Marta Rodeja, Teniente de alcalde y Concejala de hacienda, promoci\u00f3n econ\u00f3mica y tur\u00edstica, comercio, comunicaci\u00f3n y nuevas tecnolog\u00edas del Ayuntamiento de L&#8217;Escala; Gerard Mar\u00edn, Comodoro del Club N\u00e0utic l&#8217;Escala; Josep Maria Isern, Vicepresidente de la Federaci\u00f3n Catalana de Vela; Pere Vila, Director general de Ports de la Generalitat y Josep Bofill, Alcalde de l&#8217;Escala.<\/p>\n<section class=\"article-section\"><div class=\"container\">\n\n<\/div><\/section>\n<p>El director deportivo del Club Xavi L\u00f3pez ha sido el encargado de dar los detalles del pr\u00f3ximo Campeonato de Espa\u00f1a de Optimist, una clase para regatistas de entre 7 y 16 a\u00f1os en la que se han iniciado los navegantes m\u00e1s reconocidos del mundo.<\/p>\n<section class=\"article-section\"><div class=\"container\">\n\n<\/div><\/section>    <figure class=\"image-banner\">\t\n\t\t<img decoding=\"async\" src=\"https:\/\/nauticescala.com\/wp-content\/uploads\/2023\/03\/2023-club-nautic-lescala-camp-espanya-optimist-2-1.jpg\" alt=\"\" \/>\n\t<\/figure><!-- end image-banner -->\n<section class=\"article-section\"><div class=\"container\">\n\n<\/div><\/section>\n<h3 class=\"wp-block-heading\" id=\"h-evento-en-femenino\">Evento en femenino<\/h3>\n<section class=\"article-section\"><div class=\"container\">\n\n<\/div><\/section>\n<p>La competici\u00f3n, que ser\u00e1 puntuable para el Campeonato del Mundo de la Clase, tendr\u00e1 lugar entre los d\u00edas 4 y 9 de abril e incluir\u00e1 una regata preparatoria los d\u00edas 1 y 2, la <a href=\"https:\/\/nauticescala.com\/es\/compra-actividades-costa-brava\/sailing-meeting-2023\/\">XV Costa Brava Sailing Meeting<\/a>. Presenta, adem\u00e1s, una novedad importante, ya que, siguiendo las indicaciones del Consejo Superior de Deportes, ser\u00e1 la primera competici\u00f3n de Optimist nacional en la que se separar\u00e1n las clasificaciones masculina y femenina con el objetivo de dar una mayor visibilidad a las chicas de la flota. Tambi\u00e9n en esa l\u00ednea, el programa social de la regata integra una conferencia orientada a sensibilizar y concienciar a los y las deportistas sobre las desigualdades en el mundo del deporte y a ofrecer herramientas a los equipos t\u00e9cnicos y para empoderar a las deportistas como futuras referentes.<\/p>\n<section class=\"article-section\"><div class=\"container\">\n\n<\/div><\/section>    <figure class=\"image-banner\">\t\n\t\t<img decoding=\"async\" src=\"https:\/\/nauticescala.com\/wp-content\/uploads\/2023\/03\/2023-club-nautic-lescala-camp-espanya-optimist-2-2.jpg\" alt=\"\" \/>\n\t<\/figure><!-- end image-banner -->\n<section class=\"article-section\"><div class=\"container\">\n\n<\/div><\/section>\n<h3 class=\"wp-block-heading\">Evento sostenible<\/h3>\n<section class=\"article-section\"><div class=\"container\">\n\n<\/div><\/section>\n<p>Otro de los pilares del evento ser\u00e1 la sostenibilidad. El Campeonato de Espa\u00f1a de Optimist opta al sello de platino del programa Clean Regattas de Sailors for the Sea, que avala la sostenibilidad de los eventos que tienen lugar en el agua desde 2006. En este sentido, el Club ha desarrollado cuatro l\u00edneas de trabajo para minimizar el impacto de la regata sobre el entorno natural que le rodea. \u00c9stas son la correcta gesti\u00f3n de residuos, el consumo responsable de agua, la prevenci\u00f3n de la entrada de toxinas en el mar y la organizaci\u00f3n de una limpieza de la costa.<\/p>\n<section class=\"article-section\"><div class=\"container\">\n\n<\/div><\/section>    <figure class=\"image-banner\">\t\n\t\t<img decoding=\"async\" src=\"https:\/\/nauticescala.com\/wp-content\/uploads\/2023\/03\/2023-club-nautic-lescala-camp-espanya-optimist-6.jpg\" alt=\"\" \/>\n\t<\/figure><!-- end image-banner -->\n<section class=\"article-section\"><div class=\"container\">\n\n<\/div><\/section>\n<h3 class=\"wp-block-heading\">Evento social<\/h3>\n<section class=\"article-section\"><div class=\"container\">\n\n<\/div><\/section>\n<p>En su vertiente m\u00e1s social, la regata se integrar\u00e1 en el Proyecto de Servicio Comunitario del IES El Pedr\u00f3 de l&#8217;Escala, vinculando, as\u00ed, a\u00fan m\u00e1s, el evento al territorio. En virtud de este proyecto, un grupo de alumnos del centro participar\u00e1n como voluntarios en la organizaci\u00f3n de la regata, lo que les permitir\u00e1 ampliar su aprendizaje en el ejercicio activo de la ciudadan\u00eda, as\u00ed como poner en juego sus conocimientos y capacidades al servicio de la comunidad.<\/p>\n<section class=\"article-section\"><div class=\"container\">\n\n<\/div><\/section>    <figure class=\"image-banner\">\t\n\t\t<img decoding=\"async\" src=\"https:\/\/nauticescala.com\/wp-content\/uploads\/2023\/03\/2023-club-nautic-lescala-camp-espanya-optimist-7.jpg\" alt=\"\" \/>\n\t<\/figure><!-- end image-banner -->\n<section class=\"article-section\"><div class=\"container\">\n\n<\/div><\/section>\n<p>El campeonato est\u00e1 organizado por el Club N\u00e0utic l&#8217;Escala por delegaci\u00f3n de la Real Federaci\u00f3n Espa\u00f1ola de vela con la colaboraci\u00f3n de la Federaci\u00f3n Catalana de Vela y la Asociaci\u00f3n Espa\u00f1ola de la Clase Internacional Optimist y el patrocinio del Ayuntamiento de L&#8217;Escala, la Diputaci\u00f3n de Girona, el Patronato de Turismo Costa Brava Girona, Repsol y Bonpreu \u2013 Esclat.<\/p>\n<section class=\"article-section\"><div class=\"container\">\n\n<\/div><\/section>\n<p>Destaca, tambi\u00e9n, el apoyo recibido por parte de la Secretar\u00eda General del Deporte y de la Actividad F\u00edsica de la Generalidad de Catalu\u00f1a, Ports de la Generalidad, Nautivela, Intermar Sailing, Camping La Ballena Alegre, Vacaciones Costa Brava, L&#8217;Escala Resort y Hotel Nieves Mar.<\/p>\n<section class=\"article-section\"><div class=\"container\">\n\n<\/div><\/section>\n<p>El Club N\u00e0utic L&#8217;Escala es un club moderno situado en un entorno privilegiado, L&#8217;Escala, que trabaja con la misi\u00f3n de abrir las puertas al mar a todo el mundo a trav\u00e9s de su amplia oferta de servicios, actividades y eventos deportivos.<\/p>\n<section class=\"article-section\"><div class=\"container\">\n\n<\/div><\/section>\n<p>Su trayectoria en este sentido se iniciaba en 1969 con la celebraci\u00f3n del Campeonato de Catalu\u00f1a de la clase Snipe. Desde entonces, la entidad ha sido anfitriona de varias regatas auton\u00f3micas, nacionales e internacionales entre las que destacan el Campeonato de Espa\u00f1a de Vela Adaptada, la Copa de Espa\u00f1a de J70 (2021), los europeos de las clases Star (2004) ), Europe (2007) e ILCA Master (2022) y el Mundial de la modalidad Europe, en 2012.<\/p>\n","protected":false},"excerpt":{"rendered":"<p>El Club presenta el Campeonato de Espa\u00f1a de Optimist 2023, que acoger\u00e1 entre los d\u00edas 1 y 9 de abril con la participaci\u00f3n de 150 regatistas.<\/p>\n","protected":false},"featured_media":50686,"parent":0,"template":"","news-categories":[964],"news-tags":[],"class_list":["post-50711","news","type-news","status-publish","has-post-thumbnail","hentry","news-categories-regatas"],"acf":[],"yoast_head":"<!-- This site is optimized with the Yoast SEO Premium plugin v20.7 (Yoast SEO v27.5) - https:\/\/yoast.com\/product\/yoast-seo-premium-wordpress\/ -->\n<title>L\u2019Escala acoge el Campeonato de Espa\u00f1a de vela infantil 2023 &#8211; Club N\u00e0utic L\u2019Escala<\/title>\n<meta name=\"description\" content=\"El Club presenta el Campeonato de Espa\u00f1a de Optimist 2023, que acoger\u00e1 entre los d\u00edas 1 y 9 de abril con la participaci\u00f3n de 150 regatistas.\" \/>\n<meta name=\"robots\" content=\"index, follow, max-snippet:-1, max-image-preview:large, max-video-preview:-1\" \/>\n<link rel=\"canonical\" href=\"https:\/\/nauticescala.com\/es\/noticias\/presentacion-campeonato-espana-optimist-2023\/\" \/>\n<meta property=\"og:locale\" content=\"es_ES\" \/>\n<meta property=\"og:type\" content=\"article\" \/>\n<meta property=\"og:title\" content=\"L\u2019Escala acoge el Campeonato de Espa\u00f1a de vela infantil 2023\" \/>\n<meta property=\"og:description\" content=\"El Club presenta el Campeonato de Espa\u00f1a de Optimist 2023, que acoger\u00e1 entre los d\u00edas 1 y 9 de abril con la participaci\u00f3n de 150 regatistas.\" \/>\n<meta property=\"og:url\" content=\"https:\/\/nauticescala.com\/es\/noticias\/presentacion-campeonato-espana-optimist-2023\/\" \/>\n<meta property=\"og:site_name\" content=\"Club N\u00e0utic L\u2019Escala\" \/>\n<meta property=\"article:modified_time\" content=\"2023-03-16T13:23:21+00:00\" \/>\n<meta property=\"og:image\" content=\"https:\/\/nauticescala.com\/wp-content\/uploads\/2023\/03\/2023-club-nautic-lescala-camp-espanya-optimist-8.jpg\" \/>\n\t<meta property=\"og:image:width\" content=\"1800\" \/>\n\t<meta property=\"og:image:height\" content=\"907\" \/>\n\t<meta property=\"og:image:type\" content=\"image\/jpeg\" \/>\n<meta name=\"twitter:card\" content=\"summary_large_image\" \/>\n<meta name=\"twitter:label1\" content=\"Tiempo de lectura\" \/>\n\t<meta name=\"twitter:data1\" content=\"4 minutos\" \/>\n<script type=\"application\/ld+json\" class=\"yoast-schema-graph\">{\"@context\":\"https:\\\/\\\/schema.org\",\"@graph\":[{\"@type\":\"WebPage\",\"@id\":\"https:\\\/\\\/nauticescala.com\\\/es\\\/noticias\\\/presentacion-campeonato-espana-optimist-2023\\\/\",\"url\":\"https:\\\/\\\/nauticescala.com\\\/es\\\/noticias\\\/presentacion-campeonato-espana-optimist-2023\\\/\",\"name\":\"L\u2019Escala acoge el Campeonato de Espa\u00f1a de vela infantil 2023 &#8211; Club N\u00e0utic L\u2019Escala\",\"isPartOf\":{\"@id\":\"https:\\\/\\\/nauticescala.com\\\/#website\"},\"primaryImageOfPage\":{\"@id\":\"https:\\\/\\\/nauticescala.com\\\/es\\\/noticias\\\/presentacion-campeonato-espana-optimist-2023\\\/#primaryimage\"},\"image\":{\"@id\":\"https:\\\/\\\/nauticescala.com\\\/es\\\/noticias\\\/presentacion-campeonato-espana-optimist-2023\\\/#primaryimage\"},\"thumbnailUrl\":\"https:\\\/\\\/nauticescala.com\\\/wp-content\\\/uploads\\\/2023\\\/03\\\/2023-club-nautic-lescala-camp-espanya-optimist-8.jpg\",\"datePublished\":\"2023-03-16T13:18:01+00:00\",\"dateModified\":\"2023-03-16T13:23:21+00:00\",\"description\":\"El Club presenta el Campeonato de Espa\u00f1a de Optimist 2023, que acoger\u00e1 entre los d\u00edas 1 y 9 de abril con la participaci\u00f3n de 150 regatistas.\",\"breadcrumb\":{\"@id\":\"https:\\\/\\\/nauticescala.com\\\/es\\\/noticias\\\/presentacion-campeonato-espana-optimist-2023\\\/#breadcrumb\"},\"inLanguage\":\"es\",\"potentialAction\":[{\"@type\":\"ReadAction\",\"target\":[\"https:\\\/\\\/nauticescala.com\\\/es\\\/noticias\\\/presentacion-campeonato-espana-optimist-2023\\\/\"]}]},{\"@type\":\"ImageObject\",\"inLanguage\":\"es\",\"@id\":\"https:\\\/\\\/nauticescala.com\\\/es\\\/noticias\\\/presentacion-campeonato-espana-optimist-2023\\\/#primaryimage\",\"url\":\"https:\\\/\\\/nauticescala.com\\\/wp-content\\\/uploads\\\/2023\\\/03\\\/2023-club-nautic-lescala-camp-espanya-optimist-8.jpg\",\"contentUrl\":\"https:\\\/\\\/nauticescala.com\\\/wp-content\\\/uploads\\\/2023\\\/03\\\/2023-club-nautic-lescala-camp-espanya-optimist-8.jpg\",\"width\":1800,\"height\":907},{\"@type\":\"BreadcrumbList\",\"@id\":\"https:\\\/\\\/nauticescala.com\\\/es\\\/noticias\\\/presentacion-campeonato-espana-optimist-2023\\\/#breadcrumb\",\"itemListElement\":[{\"@type\":\"ListItem\",\"position\":1,\"name\":\"Home\",\"item\":\"https:\\\/\\\/nauticescala.com\\\/es\\\/\"},{\"@type\":\"ListItem\",\"position\":2,\"name\":\"Not\u00edcies\",\"item\":\"https:\\\/\\\/nauticescala.com\\\/noticies\\\/\"},{\"@type\":\"ListItem\",\"position\":3,\"name\":\"L\u2019Escala acoge el Campeonato de Espa\u00f1a de vela infantil 2023\"}]},{\"@type\":\"WebSite\",\"@id\":\"https:\\\/\\\/nauticescala.com\\\/#website\",\"url\":\"https:\\\/\\\/nauticescala.com\\\/\",\"name\":\"Club N\u00e0utic L\u2019Escala\",\"description\":\"Port esportiu a la Costa Brava\",\"potentialAction\":[{\"@type\":\"SearchAction\",\"target\":{\"@type\":\"EntryPoint\",\"urlTemplate\":\"https:\\\/\\\/nauticescala.com\\\/?s={search_term_string}\"},\"query-input\":{\"@type\":\"PropertyValueSpecification\",\"valueRequired\":true,\"valueName\":\"search_term_string\"}}],\"inLanguage\":\"es\"}]}<\/script>\n<!-- \/ Yoast SEO Premium plugin. -->","yoast_head_json":{"title":"L\u2019Escala acoge el Campeonato de Espa\u00f1a de vela infantil 2023 &#8211; Club N\u00e0utic L\u2019Escala","description":"El Club presenta el Campeonato de Espa\u00f1a de Optimist 2023, que acoger\u00e1 entre los d\u00edas 1 y 9 de abril con la participaci\u00f3n de 150 regatistas.","robots":{"index":"index","follow":"follow","max-snippet":"max-snippet:-1","max-image-preview":"max-image-preview:large","max-video-preview":"max-video-preview:-1"},"canonical":"https:\/\/nauticescala.com\/es\/noticias\/presentacion-campeonato-espana-optimist-2023\/","og_locale":"es_ES","og_type":"article","og_title":"L\u2019Escala acoge el Campeonato de Espa\u00f1a de vela infantil 2023","og_description":"El Club presenta el Campeonato de Espa\u00f1a de Optimist 2023, que acoger\u00e1 entre los d\u00edas 1 y 9 de abril con la participaci\u00f3n de 150 regatistas.","og_url":"https:\/\/nauticescala.com\/es\/noticias\/presentacion-campeonato-espana-optimist-2023\/","og_site_name":"Club N\u00e0utic L\u2019Escala","article_modified_time":"2023-03-16T13:23:21+00:00","og_image":[{"width":1800,"height":907,"url":"https:\/\/nauticescala.com\/wp-content\/uploads\/2023\/03\/2023-club-nautic-lescala-camp-espanya-optimist-8.jpg","type":"image\/jpeg"}],"twitter_card":"summary_large_image","twitter_misc":{"Tiempo de lectura":"4 minutos"},"schema":{"@context":"https:\/\/schema.org","@graph":[{"@type":"WebPage","@id":"https:\/\/nauticescala.com\/es\/noticias\/presentacion-campeonato-espana-optimist-2023\/","url":"https:\/\/nauticescala.com\/es\/noticias\/presentacion-campeonato-espana-optimist-2023\/","name":"L\u2019Escala acoge el Campeonato de Espa\u00f1a de vela infantil 2023 &#8211; Club N\u00e0utic L\u2019Escala","isPartOf":{"@id":"https:\/\/nauticescala.com\/#website"},"primaryImageOfPage":{"@id":"https:\/\/nauticescala.com\/es\/noticias\/presentacion-campeonato-espana-optimist-2023\/#primaryimage"},"image":{"@id":"https:\/\/nauticescala.com\/es\/noticias\/presentacion-campeonato-espana-optimist-2023\/#primaryimage"},"thumbnailUrl":"https:\/\/nauticescala.com\/wp-content\/uploads\/2023\/03\/2023-club-nautic-lescala-camp-espanya-optimist-8.jpg","datePublished":"2023-03-16T13:18:01+00:00","dateModified":"2023-03-16T13:23:21+00:00","description":"El Club presenta el Campeonato de Espa\u00f1a de Optimist 2023, que acoger\u00e1 entre los d\u00edas 1 y 9 de abril con la participaci\u00f3n de 150 regatistas.","breadcrumb":{"@id":"https:\/\/nauticescala.com\/es\/noticias\/presentacion-campeonato-espana-optimist-2023\/#breadcrumb"},"inLanguage":"es","potentialAction":[{"@type":"ReadAction","target":["https:\/\/nauticescala.com\/es\/noticias\/presentacion-campeonato-espana-optimist-2023\/"]}]},{"@type":"ImageObject","inLanguage":"es","@id":"https:\/\/nauticescala.com\/es\/noticias\/presentacion-campeonato-espana-optimist-2023\/#primaryimage","url":"https:\/\/nauticescala.com\/wp-content\/uploads\/2023\/03\/2023-club-nautic-lescala-camp-espanya-optimist-8.jpg","contentUrl":"https:\/\/nauticescala.com\/wp-content\/uploads\/2023\/03\/2023-club-nautic-lescala-camp-espanya-optimist-8.jpg","width":1800,"height":907},{"@type":"BreadcrumbList","@id":"https:\/\/nauticescala.com\/es\/noticias\/presentacion-campeonato-espana-optimist-2023\/#breadcrumb","itemListElement":[{"@type":"ListItem","position":1,"name":"Home","item":"https:\/\/nauticescala.com\/es\/"},{"@type":"ListItem","position":2,"name":"Not\u00edcies","item":"https:\/\/nauticescala.com\/noticies\/"},{"@type":"ListItem","position":3,"name":"L\u2019Escala acoge el Campeonato de Espa\u00f1a de vela infantil 2023"}]},{"@type":"WebSite","@id":"https:\/\/nauticescala.com\/#website","url":"https:\/\/nauticescala.com\/","name":"Club N\u00e0utic L\u2019Escala","description":"Port esportiu a la Costa Brava","potentialAction":[{"@type":"SearchAction","target":{"@type":"EntryPoint","urlTemplate":"https:\/\/nauticescala.com\/?s={search_term_string}"},"query-input":{"@type":"PropertyValueSpecification","valueRequired":true,"valueName":"search_term_string"}}],"inLanguage":"es"}]}},"_links":{"self":[{"href":"https:\/\/nauticescala.com\/es\/wp-json\/wp\/v2\/news\/50711","targetHints":{"allow":["GET"]}}],"collection":[{"href":"https:\/\/nauticescala.com\/es\/wp-json\/wp\/v2\/news"}],"about":[{"href":"https:\/\/nauticescala.com\/es\/wp-json\/wp\/v2\/types\/news"}],"wp:featuredmedia":[{"embeddable":true,"href":"https:\/\/nauticescala.com\/es\/wp-json\/wp\/v2\/media\/50686"}],"wp:attachment":[{"href":"https:\/\/nauticescala.com\/es\/wp-json\/wp\/v2\/media?parent=50711"}],"wp:term":[{"taxonomy":"news-categories","embeddable":true,"href":"https:\/\/nauticescala.com\/es\/wp-json\/wp\/v2\/news-categories?post=50711"},{"taxonomy":"news-tags","embeddable":true,"href":"https:\/\/nauticescala.com\/es\/wp-json\/wp\/v2\/news-tags?post=50711"}],"curies":[{"name":"wp","href":"https:\/\/api.w.org\/{rel}","templated":true}]}}