 {"id":51520,"date":"2023-04-04T12:05:29","date_gmt":"2023-04-04T10:05:29","guid":{"rendered":"https:\/\/nauticescala.com\/noticies\/campionat-espanya-optimist-2023-programa-social\/"},"modified":"2023-04-04T12:43:44","modified_gmt":"2023-04-04T10:43:44","slug":"campeonato-espana-optimist-2023-programa-social","status":"publish","type":"news","link":"https:\/\/nauticescala.com\/es\/noticias\/campeonato-espana-optimist-2023-programa-social\/","title":{"rendered":"Arranca el Campeonato de Espa\u00f1a de Optimist 2023 de l&#8217;Escala, un evento deportivo con valores"},"content":{"rendered":"\n<p>Hoy, <strong>martes 4 de abril<\/strong>, <strong>arranca el <a href=\"https:\/\/nauticescala.com\/es\/compra-actividades-costa-brava\/2023-campeonato-de-espana-optimist\/\">Campeonato de Espa\u00f1a de Optimist 2023<\/a> de l&#8217;Escala<\/strong>, que tendr\u00e1 lugar en el Club N\u00e0utic l&#8217;Escala hasta el pr\u00f3ximo domingo 9 de abril. Esta primera jornada, destinada al registro de participantes y al control y sellado del equipamiento de navegaci\u00f3n, da el pistoletazo de salida a una regata que ser\u00e1 mucho m\u00e1s que un evento deportivo.<\/p>\n<section class=\"article-section\"><div class=\"container\">\n\n<\/div><\/section>\n<p>Y es que, <strong>las pruebas en el agua se complementar\u00e1n con un programa social destinado al aprendizaje y concienciaci\u00f3n de los j\u00f3venes participantes sobre tem\u00e1ticas relacionadas con el medio ambiente, la n\u00e1utica y el deporte de la vela. <\/strong>Este calendario de actividades, que recibe la colaboraci\u00f3n del Club Vela la Ballena Alegre, tendr\u00e1 lugar durante el Campeonato de Espa\u00f1a y continuar\u00e1 con m\u00e1s propuestas durante el Mundial de la clase que acoger\u00e1 al club de Sant Pere Pescador entre los d\u00edas 12 y 25 de junio.<\/p>\n<section class=\"article-section\"><div class=\"container\">\n\n<\/div><\/section>    <figure class=\"image-banner\">\t\n\t\t<img decoding=\"async\" src=\"https:\/\/nauticescala.com\/wp-content\/uploads\/2023\/04\/2023-club-nautic-lescalacbsm-60.jpg\" alt=\"2023-Club Nautic lEscala-regates-vela lleugera-XV Costa Brava Sailing Meeting\" \/>\n\t<\/figure><!-- end image-banner -->\n<section class=\"article-section\"><div class=\"container\">\n\n<\/div><\/section>\n<h3 class=\"wp-block-heading\" id=\"h-estreno-del-campeonato\">Estreno del campeonato<\/h3>\n<section class=\"article-section\"><div class=\"container\">\n\n<\/div><\/section>\n<p>El <strong>mi\u00e9rcoles 5 de abril<\/strong> estrenar\u00e1 la agenda con la <strong>inauguraci\u00f3n del Campeonato de Espa\u00f1a de Optimist 2023 <\/strong>de L&#8217;Escala. El acto se celebrar\u00e1 a las 18 horas e ir\u00e1 precedido de un desfile, en el Club N\u00e0utic l&#8217;Escala, de todos los equipos participantes acompa\u00f1ados de una batucada hasta la carpa del Village de la regata. Finalizar\u00e1 con la izada de la bandera de la regata en el m\u00e1stil de se\u00f1ales y un refrigerio para todos los asistentes.<\/p>\n<section class=\"article-section\"><div class=\"container\">\n\n<\/div><\/section>\n<h3 class=\"wp-block-heading\">Para conocer el entorno<\/h3>\n<section class=\"article-section\"><div class=\"container\">\n\n<\/div><\/section>\n<p>La meteorolog\u00eda ser\u00e1 la otra gran protagonista de la jornada del <strong>jueves 6 de abril<\/strong> con una c<strong>onferencia a cargo del f\u00edsico, m\u00e1ster en meteorolog\u00eda y presentador del tiempo en TV3 y Catalunya R\u00e0dio Enric Agud<\/strong>. El acto tendr\u00e1 lugar de 10 a 11 horas en la carpa del Village de la regata, justo antes de que empiecen las primeras pruebas de la regata.<\/p>\n<section class=\"article-section\"><div class=\"container\">\n\n<\/div><\/section>    <figure class=\"image-banner\">\t\n\t\t<img decoding=\"async\" src=\"https:\/\/nauticescala.com\/wp-content\/uploads\/2023\/04\/2023-club-nautic-lescalacbsm-101.jpg\" alt=\"\" \/>\n\t<\/figure><!-- end image-banner -->\n<section class=\"article-section\"><div class=\"container\">\n\n<\/div><\/section>\n<h3 class=\"wp-block-heading\">Vela en femenino<\/h3>\n<section class=\"article-section\"><div class=\"container\">\n\n<\/div><\/section>\n<p>El <strong>viernes 7 de abril <\/strong>se iniciar\u00e1 con la <strong>conferencia-taller titulada <em>Para un deporte inclusivo y con las mismas oportunidades para todos y todas <\/em><\/strong>que contar\u00e1 con Maria Sol\u00e9, graduada en ciencias de la actividad f\u00edsica y del deporte especializada en g\u00e9nero y deporte y M\u00f2nica Az\u00f3n, directora deportiva del Club N\u00e0utic Arenys de Mar y deportista profesional desde Barcelona 92&#8242;. Esta actividad recibe el apoyo de la Secretar\u00eda General del Deporte de la Generalitat de Catalunya y tiene lugar en el marco de la primera competici\u00f3n nacional de la clase Optimist en la que se separar\u00e1n las clasificaciones masculina y femenina con el objetivo de dar mayor visibilidad a las chicas de la flota.<\/p>\n<section class=\"article-section\"><div class=\"container\">\n\n<\/div><\/section>    <figure class=\"image-banner\">\t\n\t\t<img decoding=\"async\" src=\"https:\/\/nauticescala.com\/wp-content\/uploads\/2023\/04\/2023-club-nautic-lescalacbsm-45.jpg\" alt=\"\" \/>\n\t<\/figure><!-- end image-banner -->\n<section class=\"article-section\"><div class=\"container\">\n\n<\/div><\/section>\n<h3 class=\"wp-block-heading\">Para amar el medio ambiente<\/h3>\n<section class=\"article-section\"><div class=\"container\">\n\n<\/div><\/section>\n<p>El medio ambiente ser\u00e1 la tem\u00e1tica del <strong>s\u00e1bado 8 de abril <\/strong>con la celebraci\u00f3n de una <strong>limpieza del litoral de las proximidades del Club de 10 a 11<\/strong> <strong>h <\/strong>de la ma\u00f1ana. Esta limpieza se incluye en el plan de acciones para que este evento sea lo m\u00e1s sostenible posible. Gracias a contribuciones como \u00e9sta, el Campeonato de Espa\u00f1a de Optimist opta a obtener la certificaci\u00f3n de platino del programa Clean Regattas de Sailors for the Sea.<\/p>\n<section class=\"article-section\"><div class=\"container\">\n\n<\/div><\/section>\n<p>En esta misma l\u00ednea, durante todo el Campeonato, <strong>los regatistas podr\u00e1n hacer entrega de los neoprenos que ya no utilizan al proyecto <a href=\"https:\/\/turtlproject.com\/\" target=\"_blank\" rel=\"noreferrer noopener\">Turtl Project <\/a><\/strong>deposit\u00e1ndolos en una caja de madera situada en el interior de la Oficina de Regata. Mediante esta iniciativa, que tendr\u00e1 continuidad durante el Mundial 2023, los neoprenos que est\u00e9n en buen estado se dar\u00e1n a escuelas y entidades que puedan utilizarlos. Los dem\u00e1s ser\u00e1n reciclados para producir otros equipamientos como carteras o fundas de ordenador.<\/p>\n<section class=\"article-section\"><div class=\"container\">\n\n<\/div><\/section>    <figure class=\"image-banner\">\t\n\t\t<img decoding=\"async\" src=\"https:\/\/nauticescala.com\/wp-content\/uploads\/2023\/04\/2020-club-nautic-lescala-10.jpg\" alt=\"\" \/>\n\t<\/figure><!-- end image-banner -->\n<section class=\"article-section\"><div class=\"container\">\n\n<\/div><\/section>\n<p>El inicio del <strong>\u00faltimo d\u00eda de competici\u00f3n<\/strong> lo marcar\u00e1 la <strong>presentaci\u00f3n del Mundial de Optimist 2023<\/strong> que tendr\u00e1 lugar en la carpa del Village a las 9:30 horas por parte del Club de Vela la Ballena Alegre. <strong>La ceremonia de entrega de trofeos y de clausura pondr\u00e1 punto y final al Campeonato de Espa\u00f1a de Optimist 2023<\/strong> reconociendo a los ganadores y ganadoras de la regata.<\/p>\n<section class=\"article-section\"><div class=\"container\">\n\n<\/div><\/section>    <figure class=\"image-banner\">\t\n\t\t<img decoding=\"async\" src=\"https:\/\/nauticescala.com\/wp-content\/uploads\/2023\/04\/2023-club-nautic-lescalacbsm-99.jpg\" alt=\"\" \/>\n\t<\/figure><!-- end image-banner -->\n<section class=\"article-section\"><div class=\"container\">\n\n<\/div><\/section>\n<p>El campionat est\u00e0 organitzat pel Club N\u00e0utic l\u2019Escala per delegaci\u00f3 de la Real Federaci\u00f3n Espa\u00f1ola de vela amb la col\u00b7laboraci\u00f3 de la Federaci\u00f3 Catalana de Vela i la Asociaci\u00f3n Espa\u00f1ola de la Clase Internacional Optimist i el patrocini de l\u2019Ajuntament de l\u2019Escala, la Diputaci\u00f3 de Girona, el Patronat de Turisme Costa Brava Girona, Repsol i Bonpreu \u2013 Esclat.<\/p>\n<section class=\"article-section\"><div class=\"container\">\n\n<\/div><\/section>\n<p>Cal destacar, tamb\u00e9, el suport rebut per part de la Secretaria General de l\u2019Esport i de l\u2019Activitat F\u00edsica de la Generalitat de Catalunya, Ports de la Generalitat, Nautivela, Intermar Sailing, Camping La Ballena Alegre, Vacances Costa Brava, L\u2019Escala Resort i Hotel Nieves Mar.<\/p>\n<section class=\"article-section\"><div class=\"container\">\n\n<\/div><\/section>\n    \n        <div class=\"btn-box\">\n            <a href=\"https:\/\/nauticescala.com\/es\/compra-actividades-costa-brava\/2023-campeonato-de-espana-optimist\/\" target=\"_self\" class=\"btn btn-primary\">M\u00e1s informaci\u00f3n<\/a>\n\n        \n        \n\n<\/div><!-- end btn-box -->\n\n   \n","protected":false},"excerpt":{"rendered":"<p>Empieza el Campeonato de Espa\u00f1a de Optimist 2023 de l&#8217;Escala, un evento que va m\u00e1s all\u00e1 del deporte gracias a su programa social.<\/p>\n","protected":false},"featured_media":50702,"parent":0,"template":"","news-categories":[953,964],"news-tags":[],"class_list":["post-51520","news","type-news","status-publish","has-post-thumbnail","hentry","news-categories-deporte","news-categories-regatas"],"acf":[],"yoast_head":"<!-- This site is optimized with the Yoast SEO Premium plugin v20.7 (Yoast SEO v27.5) - https:\/\/yoast.com\/product\/yoast-seo-premium-wordpress\/ -->\n<title>Arranca el Campeonato de Espa\u00f1a de Optimist 2023 de l&#039;Escala, un evento deportivo con valores &#8211; Club N\u00e0utic L\u2019Escala<\/title>\n<meta name=\"description\" content=\"Empieza el Campeonato de Espa\u00f1a de Optimist 2023 de l&#039;Escala, un evento que va m\u00e1s all\u00e1 del deporte gracias a su programa social.\" \/>\n<meta name=\"robots\" content=\"index, follow, max-snippet:-1, max-image-preview:large, max-video-preview:-1\" \/>\n<link rel=\"canonical\" href=\"https:\/\/nauticescala.com\/es\/noticias\/campeonato-espana-optimist-2023-programa-social\/\" \/>\n<meta property=\"og:locale\" content=\"es_ES\" \/>\n<meta property=\"og:type\" content=\"article\" \/>\n<meta property=\"og:title\" content=\"Arranca el Campeonato de Espa\u00f1a de Optimist 2023 de l&#039;Escala, un evento deportivo con valores\" \/>\n<meta property=\"og:description\" content=\"Empieza el Campeonato de Espa\u00f1a de Optimist 2023 de l&#039;Escala, un evento que va m\u00e1s all\u00e1 del deporte gracias a su programa social.\" \/>\n<meta property=\"og:url\" content=\"https:\/\/nauticescala.com\/es\/noticias\/campeonato-espana-optimist-2023-programa-social\/\" \/>\n<meta property=\"og:site_name\" content=\"Club N\u00e0utic L\u2019Escala\" \/>\n<meta property=\"article:modified_time\" content=\"2023-04-04T10:43:44+00:00\" \/>\n<meta property=\"og:image\" content=\"https:\/\/nauticescala.com\/wp-content\/uploads\/2023\/03\/2023-club-nautic-lescala-camp-espanya-optimist-2-2.jpg\" \/>\n\t<meta property=\"og:image:width\" content=\"1800\" \/>\n\t<meta property=\"og:image:height\" content=\"903\" \/>\n\t<meta property=\"og:image:type\" content=\"image\/jpeg\" \/>\n<meta name=\"twitter:card\" content=\"summary_large_image\" \/>\n<meta name=\"twitter:label1\" content=\"Tiempo de lectura\" \/>\n\t<meta name=\"twitter:data1\" content=\"5 minutos\" \/>\n<script type=\"application\/ld+json\" class=\"yoast-schema-graph\">{\"@context\":\"https:\\\/\\\/schema.org\",\"@graph\":[{\"@type\":\"WebPage\",\"@id\":\"https:\\\/\\\/nauticescala.com\\\/es\\\/noticias\\\/campeonato-espana-optimist-2023-programa-social\\\/\",\"url\":\"https:\\\/\\\/nauticescala.com\\\/es\\\/noticias\\\/campeonato-espana-optimist-2023-programa-social\\\/\",\"name\":\"Arranca el Campeonato de Espa\u00f1a de Optimist 2023 de l'Escala, un evento deportivo con valores &#8211; Club N\u00e0utic L\u2019Escala\",\"isPartOf\":{\"@id\":\"https:\\\/\\\/nauticescala.com\\\/#website\"},\"primaryImageOfPage\":{\"@id\":\"https:\\\/\\\/nauticescala.com\\\/es\\\/noticias\\\/campeonato-espana-optimist-2023-programa-social\\\/#primaryimage\"},\"image\":{\"@id\":\"https:\\\/\\\/nauticescala.com\\\/es\\\/noticias\\\/campeonato-espana-optimist-2023-programa-social\\\/#primaryimage\"},\"thumbnailUrl\":\"https:\\\/\\\/nauticescala.com\\\/wp-content\\\/uploads\\\/2023\\\/03\\\/2023-club-nautic-lescala-camp-espanya-optimist-2-2.jpg\",\"datePublished\":\"2023-04-04T10:05:29+00:00\",\"dateModified\":\"2023-04-04T10:43:44+00:00\",\"description\":\"Empieza el Campeonato de Espa\u00f1a de Optimist 2023 de l'Escala, un evento que va m\u00e1s all\u00e1 del deporte gracias a su programa social.\",\"breadcrumb\":{\"@id\":\"https:\\\/\\\/nauticescala.com\\\/es\\\/noticias\\\/campeonato-espana-optimist-2023-programa-social\\\/#breadcrumb\"},\"inLanguage\":\"es\",\"potentialAction\":[{\"@type\":\"ReadAction\",\"target\":[\"https:\\\/\\\/nauticescala.com\\\/es\\\/noticias\\\/campeonato-espana-optimist-2023-programa-social\\\/\"]}]},{\"@type\":\"ImageObject\",\"inLanguage\":\"es\",\"@id\":\"https:\\\/\\\/nauticescala.com\\\/es\\\/noticias\\\/campeonato-espana-optimist-2023-programa-social\\\/#primaryimage\",\"url\":\"https:\\\/\\\/nauticescala.com\\\/wp-content\\\/uploads\\\/2023\\\/03\\\/2023-club-nautic-lescala-camp-espanya-optimist-2-2.jpg\",\"contentUrl\":\"https:\\\/\\\/nauticescala.com\\\/wp-content\\\/uploads\\\/2023\\\/03\\\/2023-club-nautic-lescala-camp-espanya-optimist-2-2.jpg\",\"width\":1800,\"height\":903},{\"@type\":\"BreadcrumbList\",\"@id\":\"https:\\\/\\\/nauticescala.com\\\/es\\\/noticias\\\/campeonato-espana-optimist-2023-programa-social\\\/#breadcrumb\",\"itemListElement\":[{\"@type\":\"ListItem\",\"position\":1,\"name\":\"Home\",\"item\":\"https:\\\/\\\/nauticescala.com\\\/es\\\/\"},{\"@type\":\"ListItem\",\"position\":2,\"name\":\"Not\u00edcies\",\"item\":\"https:\\\/\\\/nauticescala.com\\\/noticies\\\/\"},{\"@type\":\"ListItem\",\"position\":3,\"name\":\"Arranca el Campeonato de Espa\u00f1a de Optimist 2023 de l&#8217;Escala, un evento deportivo con valores\"}]},{\"@type\":\"WebSite\",\"@id\":\"https:\\\/\\\/nauticescala.com\\\/#website\",\"url\":\"https:\\\/\\\/nauticescala.com\\\/\",\"name\":\"Club N\u00e0utic L\u2019Escala\",\"description\":\"Port esportiu a la Costa Brava\",\"potentialAction\":[{\"@type\":\"SearchAction\",\"target\":{\"@type\":\"EntryPoint\",\"urlTemplate\":\"https:\\\/\\\/nauticescala.com\\\/?s={search_term_string}\"},\"query-input\":{\"@type\":\"PropertyValueSpecification\",\"valueRequired\":true,\"valueName\":\"search_term_string\"}}],\"inLanguage\":\"es\"}]}<\/script>\n<!-- \/ Yoast SEO Premium plugin. -->","yoast_head_json":{"title":"Arranca el Campeonato de Espa\u00f1a de Optimist 2023 de l'Escala, un evento deportivo con valores &#8211; Club N\u00e0utic L\u2019Escala","description":"Empieza el Campeonato de Espa\u00f1a de Optimist 2023 de l'Escala, un evento que va m\u00e1s all\u00e1 del deporte gracias a su programa social.","robots":{"index":"index","follow":"follow","max-snippet":"max-snippet:-1","max-image-preview":"max-image-preview:large","max-video-preview":"max-video-preview:-1"},"canonical":"https:\/\/nauticescala.com\/es\/noticias\/campeonato-espana-optimist-2023-programa-social\/","og_locale":"es_ES","og_type":"article","og_title":"Arranca el Campeonato de Espa\u00f1a de Optimist 2023 de l'Escala, un evento deportivo con valores","og_description":"Empieza el Campeonato de Espa\u00f1a de Optimist 2023 de l'Escala, un evento que va m\u00e1s all\u00e1 del deporte gracias a su programa social.","og_url":"https:\/\/nauticescala.com\/es\/noticias\/campeonato-espana-optimist-2023-programa-social\/","og_site_name":"Club N\u00e0utic L\u2019Escala","article_modified_time":"2023-04-04T10:43:44+00:00","og_image":[{"width":1800,"height":903,"url":"https:\/\/nauticescala.com\/wp-content\/uploads\/2023\/03\/2023-club-nautic-lescala-camp-espanya-optimist-2-2.jpg","type":"image\/jpeg"}],"twitter_card":"summary_large_image","twitter_misc":{"Tiempo de lectura":"5 minutos"},"schema":{"@context":"https:\/\/schema.org","@graph":[{"@type":"WebPage","@id":"https:\/\/nauticescala.com\/es\/noticias\/campeonato-espana-optimist-2023-programa-social\/","url":"https:\/\/nauticescala.com\/es\/noticias\/campeonato-espana-optimist-2023-programa-social\/","name":"Arranca el Campeonato de Espa\u00f1a de Optimist 2023 de l'Escala, un evento deportivo con valores &#8211; Club N\u00e0utic L\u2019Escala","isPartOf":{"@id":"https:\/\/nauticescala.com\/#website"},"primaryImageOfPage":{"@id":"https:\/\/nauticescala.com\/es\/noticias\/campeonato-espana-optimist-2023-programa-social\/#primaryimage"},"image":{"@id":"https:\/\/nauticescala.com\/es\/noticias\/campeonato-espana-optimist-2023-programa-social\/#primaryimage"},"thumbnailUrl":"https:\/\/nauticescala.com\/wp-content\/uploads\/2023\/03\/2023-club-nautic-lescala-camp-espanya-optimist-2-2.jpg","datePublished":"2023-04-04T10:05:29+00:00","dateModified":"2023-04-04T10:43:44+00:00","description":"Empieza el Campeonato de Espa\u00f1a de Optimist 2023 de l'Escala, un evento que va m\u00e1s all\u00e1 del deporte gracias a su programa social.","breadcrumb":{"@id":"https:\/\/nauticescala.com\/es\/noticias\/campeonato-espana-optimist-2023-programa-social\/#breadcrumb"},"inLanguage":"es","potentialAction":[{"@type":"ReadAction","target":["https:\/\/nauticescala.com\/es\/noticias\/campeonato-espana-optimist-2023-programa-social\/"]}]},{"@type":"ImageObject","inLanguage":"es","@id":"https:\/\/nauticescala.com\/es\/noticias\/campeonato-espana-optimist-2023-programa-social\/#primaryimage","url":"https:\/\/nauticescala.com\/wp-content\/uploads\/2023\/03\/2023-club-nautic-lescala-camp-espanya-optimist-2-2.jpg","contentUrl":"https:\/\/nauticescala.com\/wp-content\/uploads\/2023\/03\/2023-club-nautic-lescala-camp-espanya-optimist-2-2.jpg","width":1800,"height":903},{"@type":"BreadcrumbList","@id":"https:\/\/nauticescala.com\/es\/noticias\/campeonato-espana-optimist-2023-programa-social\/#breadcrumb","itemListElement":[{"@type":"ListItem","position":1,"name":"Home","item":"https:\/\/nauticescala.com\/es\/"},{"@type":"ListItem","position":2,"name":"Not\u00edcies","item":"https:\/\/nauticescala.com\/noticies\/"},{"@type":"ListItem","position":3,"name":"Arranca el Campeonato de Espa\u00f1a de Optimist 2023 de l&#8217;Escala, un evento deportivo con valores"}]},{"@type":"WebSite","@id":"https:\/\/nauticescala.com\/#website","url":"https:\/\/nauticescala.com\/","name":"Club N\u00e0utic L\u2019Escala","description":"Port esportiu a la Costa Brava","potentialAction":[{"@type":"SearchAction","target":{"@type":"EntryPoint","urlTemplate":"https:\/\/nauticescala.com\/?s={search_term_string}"},"query-input":{"@type":"PropertyValueSpecification","valueRequired":true,"valueName":"search_term_string"}}],"inLanguage":"es"}]}},"_links":{"self":[{"href":"https:\/\/nauticescala.com\/es\/wp-json\/wp\/v2\/news\/51520","targetHints":{"allow":["GET"]}}],"collection":[{"href":"https:\/\/nauticescala.com\/es\/wp-json\/wp\/v2\/news"}],"about":[{"href":"https:\/\/nauticescala.com\/es\/wp-json\/wp\/v2\/types\/news"}],"wp:featuredmedia":[{"embeddable":true,"href":"https:\/\/nauticescala.com\/es\/wp-json\/wp\/v2\/media\/50702"}],"wp:attachment":[{"href":"https:\/\/nauticescala.com\/es\/wp-json\/wp\/v2\/media?parent=51520"}],"wp:term":[{"taxonomy":"news-categories","embeddable":true,"href":"https:\/\/nauticescala.com\/es\/wp-json\/wp\/v2\/news-categories?post=51520"},{"taxonomy":"news-tags","embeddable":true,"href":"https:\/\/nauticescala.com\/es\/wp-json\/wp\/v2\/news-tags?post=51520"}],"curies":[{"name":"wp","href":"https:\/\/api.w.org\/{rel}","templated":true}]}}