 {"id":69024,"date":"2024-05-12T17:22:58","date_gmt":"2024-05-12T15:22:58","guid":{"rendered":"https:\/\/nauticescala.com\/noticies\/xx-escalagde\/"},"modified":"2024-05-12T17:30:33","modified_gmt":"2024-05-12T15:30:33","slug":"xx-escalagde","status":"publish","type":"news","link":"https:\/\/nauticescala.com\/es\/noticias\/xx-escalagde\/","title":{"rendered":"Manu Tercer de Llu\u00eds Casademont, vencedor de la XX Escalagde &#8211; IX Veles d\u2019Emp\u00faries"},"content":{"rendered":"\n<p>La regata de crucero L&#8217;Escalagde &#8211; Veles d&#8217;Emp\u00faries regresaba a L&#8217;Escala con la participaci\u00f3n de cerca de 50 tripulaciones participantes. La vig\u00e9sima edici\u00f3n de la regata organizada por el Club N\u00e0utic l&#8217;Escala y la Societ\u00e9 des R\u00e9gates de Agde et du Cap (SORAC) se celebraba entre los d\u00edas 8 y 11 de mayo con la colaboraci\u00f3n del Ayuntamiento de l&#8217;Escala, la Diputaci\u00f3n de Gerona, la Secretar\u00eda General de Deportes de la Generalitat de Catalunya, Ports de la Generalitat, la Federaci\u00f3n Catalana de Vela, la Federaci\u00f3n Francesa de Vela, Sod\u00e9al, Turismo de Cap d\u2019Agde y el CV Golfus Empuriabrava.<\/p>\n<section class=\"article-section\"><div class=\"container\">\n\n<\/div><\/section>\n<p>El equipo ganador de la regata de vela de crucero que hermana las poblaciones de Agde y L&#8217;Escala era el equipo del Manu Tercer, el B\u00e9n\u00e9teau First 35 de Llu\u00eds Casademont del CN Costa Brava &#8211; CV Palam\u00f3s. Sin embargo, la tripulaci\u00f3n del Manu Tercer deb\u00eda ceder la victoria de la divisi\u00f3n HN 1 a Lou Poul, el Sun Fizz Q de Henri Cauquil de la SORAC, que resolv\u00eda el empate a tres puntos existente entre los dos equipos a su favor . La tercera plaza del podio de la categor\u00eda era para el Celestine (Sun Shine 36) de Stephane Louvel, tambi\u00e9n de la SORAC.<\/p>\n<section class=\"article-section\"><div class=\"container\">\n\n<\/div><\/section>    <figure class=\"image-banner\">\t\n\t\t<img decoding=\"async\" src=\"https:\/\/nauticescala.com\/wp-content\/uploads\/2024\/05\/2024-nauticescala-escalagde-3.jpg\" alt=\"\" \/>\n\t<\/figure><!-- end image-banner -->\n<section class=\"article-section\"><div class=\"container\">\n\n<\/div><\/section>\n<p>El Sun Fast 3200 Scheggia de Jean-Louis Damble de la SORAC se alzaba vencedor de la flota HN2 con un cuarto y un segundo parciales, seguido de Kiss Cool de Eric Hortes del CN Narbonne y el B\u00e9n\u00e9teau First 40.7 GTE Zinzala de Olivier Storai de la SORAC.<\/p>\n<section class=\"article-section\"><div class=\"container\">\n\n<\/div><\/section>\n<p>La XX L&#8217;Escalagde \u2013 Veles d&#8217;Emp\u00faries empezaba el mi\u00e9rcoles 8 de mayo en el Centro Nautique de Cap d\u2019Agde alrededor de las 19 h. La primera reuni\u00f3n de patrones de la regata finalizaba con un aperitivo y un pastel para conmemorar el 20 aniversario de la competici\u00f3n.<\/p>\n<section class=\"article-section\"><div class=\"container\">\n\n<\/div><\/section>    <figure class=\"image-banner\">\t\n\t\t<img decoding=\"async\" src=\"https:\/\/nauticescala.com\/wp-content\/uploads\/2024\/05\/2024-nauticescala-escalagde-5.jpg\" alt=\"\" \/>\n\t<\/figure><!-- end image-banner -->\n<section class=\"article-section\"><div class=\"container\">\n\n<\/div><\/section>\n<p>El jueves 9 de mayo la jornada comenzaba temprano. A las 7:10 se daba la salida a la treintena de veleros que disputaron la manga estrella de la competici\u00f3n: la traves\u00eda de 90 millas que les llev\u00f3 de Agde hasta el Club N\u00e0utic L&#8217;Escala. El poco viento y el fr\u00edo marcaban una traves\u00eda que el B\u00e9n\u00e9teau First 47.7 Philippe Nayraud Chacha 3 completaba a las 2:05:21 horas del viernes convirti\u00e9ndose en el ganador en tiempo real.<\/p>\n<section class=\"article-section\"><div class=\"container\">\n\n<\/div><\/section>\n<p>El resto de la flota fue llegando a L&#8217;Escala a lo largo de la ma\u00f1ana del viernes 10 de mayo. Les esperaba un d\u00eda pr\u00e1cticamente de verano durante el que pudieron descansar antes de volver a encontrarse a las 18:30 h, momento en que se dieron a conocer los resultados de la traves\u00eda y se celebr\u00f3 un aperitivo.<\/p>\n<section class=\"article-section\"><div class=\"container\">\n\n<\/div><\/section>    <figure class=\"image-banner\">\t\n\t\t<img decoding=\"async\" src=\"https:\/\/nauticescala.com\/wp-content\/uploads\/2024\/05\/2024-nauticescala-escalagde-6.jpg\" alt=\"\" \/>\n\t<\/figure><!-- end image-banner -->\n<section class=\"article-section\"><div class=\"container\">\n\n<\/div><\/section>\n<p>La segunda jornada de competici\u00f3n se celebraba el s\u00e1bado 11 de mayo y se iniciaba a las 11 h con la reuni\u00f3n de patrones. Ya en el agua, la falta de viento retras\u00f3 la salida durante casi una hora hasta que entr\u00f3 con fuerza un viento del suroeste que se mantuvo entre los 15 y los 18 nudos. Los navegantes disfrutaban, as\u00ed, de un recorrido bastante r\u00e1pido en la Costa Brava que ganaba de nuevo el Chacha 3 en tiempo real. Los de Nayraud cruzaban la l\u00ednea de llegada a las 15:24:36 y con la aplicaci\u00f3n de los tiempos compensados se clasificaban en quinta posici\u00f3n de la divisi\u00f3n HN2.<\/p>\n<section class=\"article-section\"><div class=\"container\">\n\n<\/div><\/section>    <figure class=\"image-banner\">\t\n\t\t<img decoding=\"async\" src=\"https:\/\/nauticescala.com\/wp-content\/uploads\/2024\/05\/2024-nauticescala-escalagde-7.jpg\" alt=\"\" \/>\n\t<\/figure><!-- end image-banner -->\n<section class=\"article-section\"><div class=\"container\">\n\n<\/div><\/section>\n<p>La entrega de trofeos premiaba a las tripulaciones ganadoras a las 19:30 horas con las intervenciones del vocal de crucero del Club N\u00e0utic L&#8217;Escala Pere Sala, el presidente de la SORAC Gilles Bouzol y el alcalde de L&#8217;Escala Josep Bofill. La XX Escalagde &#8211; IX Veles de Emp\u00faries pon\u00eda punto y final con una cena y baile a cargo de DJ Palma.<\/p>\n<section class=\"article-section\"><div class=\"container\">\n\n<\/div><\/section>\n    \n        <div class=\"btn-box\">\n            <a href=\"https:\/\/nauticescala.com\/activitats-costa-brava\/2024-escalagde\/\" target=\"_self\" class=\"btn btn-primary\">M\u00e1s informaci\u00f3n<\/a>\n\n        \n        \n        \n            <a href=\"https:\/\/www.flickr.com\/photos\/nauticescala\/albums\/72157701233534604\/\" target=\"_blank\" class=\"btn btn-primary\">Fotograf\u00edas<\/a>\n    \n\n        \n\n<\/div><!-- end btn-box -->\n\n   \n","protected":false},"excerpt":{"rendered":"<p>La XX Escalagde &#8211; IX Veles d&#8217;Emp\u00faries vuelve a unir Agde y L&#8217;Escala con la participaci\u00f3n de cerca de 50 veleros.<\/p>\n","protected":false},"featured_media":69006,"parent":0,"template":"","news-categories":[964],"news-tags":[],"class_list":["post-69024","news","type-news","status-publish","has-post-thumbnail","hentry","news-categories-regatas"],"acf":[],"yoast_head":"<!-- This site is optimized with the Yoast SEO Premium plugin v20.7 (Yoast SEO v27.5) - https:\/\/yoast.com\/product\/yoast-seo-premium-wordpress\/ -->\n<title>Manu Tercer de Llu\u00eds Casademont, vencedor de la XX Escalagde - IX Veles d\u2019Emp\u00faries &#8211; Club N\u00e0utic L\u2019Escala<\/title>\n<meta name=\"description\" content=\"La XX Escalagde - IX Veles d&#039;Emp\u00faries vuelve a unir Agde y L&#039;Escala con la participaci\u00f3n de cerca de 50 veleros.\" \/>\n<meta name=\"robots\" content=\"index, follow, max-snippet:-1, max-image-preview:large, max-video-preview:-1\" \/>\n<link rel=\"canonical\" href=\"https:\/\/nauticescala.com\/es\/noticias\/xx-escalagde\/\" \/>\n<meta property=\"og:locale\" content=\"es_ES\" \/>\n<meta property=\"og:type\" content=\"article\" \/>\n<meta property=\"og:title\" content=\"Manu Tercer de Llu\u00eds Casademont, vencedor de la XX Escalagde - IX Veles d\u2019Emp\u00faries\" \/>\n<meta property=\"og:description\" content=\"La XX Escalagde - IX Veles d&#039;Emp\u00faries vuelve a unir Agde y L&#039;Escala con la participaci\u00f3n de cerca de 50 veleros.\" \/>\n<meta property=\"og:url\" content=\"https:\/\/nauticescala.com\/es\/noticias\/xx-escalagde\/\" \/>\n<meta property=\"og:site_name\" content=\"Club N\u00e0utic L\u2019Escala\" \/>\n<meta property=\"article:modified_time\" content=\"2024-05-12T15:30:33+00:00\" \/>\n<meta property=\"og:image\" content=\"https:\/\/nauticescala.com\/wp-content\/uploads\/2024\/05\/2024-nauticescala-escalagde-4.jpg\" \/>\n\t<meta property=\"og:image:width\" content=\"1800\" \/>\n\t<meta property=\"og:image:height\" content=\"907\" \/>\n\t<meta property=\"og:image:type\" content=\"image\/jpeg\" \/>\n<meta name=\"twitter:card\" content=\"summary_large_image\" \/>\n<meta name=\"twitter:label1\" content=\"Tiempo de lectura\" \/>\n\t<meta name=\"twitter:data1\" content=\"4 minutos\" \/>\n<script type=\"application\/ld+json\" class=\"yoast-schema-graph\">{\"@context\":\"https:\\\/\\\/schema.org\",\"@graph\":[{\"@type\":\"WebPage\",\"@id\":\"https:\\\/\\\/nauticescala.com\\\/es\\\/noticias\\\/xx-escalagde\\\/\",\"url\":\"https:\\\/\\\/nauticescala.com\\\/es\\\/noticias\\\/xx-escalagde\\\/\",\"name\":\"Manu Tercer de Llu\u00eds Casademont, vencedor de la XX Escalagde - IX Veles d\u2019Emp\u00faries &#8211; Club N\u00e0utic L\u2019Escala\",\"isPartOf\":{\"@id\":\"https:\\\/\\\/nauticescala.com\\\/#website\"},\"primaryImageOfPage\":{\"@id\":\"https:\\\/\\\/nauticescala.com\\\/es\\\/noticias\\\/xx-escalagde\\\/#primaryimage\"},\"image\":{\"@id\":\"https:\\\/\\\/nauticescala.com\\\/es\\\/noticias\\\/xx-escalagde\\\/#primaryimage\"},\"thumbnailUrl\":\"https:\\\/\\\/nauticescala.com\\\/wp-content\\\/uploads\\\/2024\\\/05\\\/2024-nauticescala-escalagde-4.jpg\",\"datePublished\":\"2024-05-12T15:22:58+00:00\",\"dateModified\":\"2024-05-12T15:30:33+00:00\",\"description\":\"La XX Escalagde - IX Veles d'Emp\u00faries vuelve a unir Agde y L'Escala con la participaci\u00f3n de cerca de 50 veleros.\",\"breadcrumb\":{\"@id\":\"https:\\\/\\\/nauticescala.com\\\/es\\\/noticias\\\/xx-escalagde\\\/#breadcrumb\"},\"inLanguage\":\"es\",\"potentialAction\":[{\"@type\":\"ReadAction\",\"target\":[\"https:\\\/\\\/nauticescala.com\\\/es\\\/noticias\\\/xx-escalagde\\\/\"]}]},{\"@type\":\"ImageObject\",\"inLanguage\":\"es\",\"@id\":\"https:\\\/\\\/nauticescala.com\\\/es\\\/noticias\\\/xx-escalagde\\\/#primaryimage\",\"url\":\"https:\\\/\\\/nauticescala.com\\\/wp-content\\\/uploads\\\/2024\\\/05\\\/2024-nauticescala-escalagde-4.jpg\",\"contentUrl\":\"https:\\\/\\\/nauticescala.com\\\/wp-content\\\/uploads\\\/2024\\\/05\\\/2024-nauticescala-escalagde-4.jpg\",\"width\":1800,\"height\":907},{\"@type\":\"BreadcrumbList\",\"@id\":\"https:\\\/\\\/nauticescala.com\\\/es\\\/noticias\\\/xx-escalagde\\\/#breadcrumb\",\"itemListElement\":[{\"@type\":\"ListItem\",\"position\":1,\"name\":\"Home\",\"item\":\"https:\\\/\\\/nauticescala.com\\\/es\\\/\"},{\"@type\":\"ListItem\",\"position\":2,\"name\":\"Not\u00edcies\",\"item\":\"https:\\\/\\\/nauticescala.com\\\/noticies\\\/\"},{\"@type\":\"ListItem\",\"position\":3,\"name\":\"Manu Tercer de Llu\u00eds Casademont, vencedor de la XX Escalagde &#8211; IX Veles d\u2019Emp\u00faries\"}]},{\"@type\":\"WebSite\",\"@id\":\"https:\\\/\\\/nauticescala.com\\\/#website\",\"url\":\"https:\\\/\\\/nauticescala.com\\\/\",\"name\":\"Club N\u00e0utic L\u2019Escala\",\"description\":\"Port esportiu a la Costa Brava\",\"potentialAction\":[{\"@type\":\"SearchAction\",\"target\":{\"@type\":\"EntryPoint\",\"urlTemplate\":\"https:\\\/\\\/nauticescala.com\\\/?s={search_term_string}\"},\"query-input\":{\"@type\":\"PropertyValueSpecification\",\"valueRequired\":true,\"valueName\":\"search_term_string\"}}],\"inLanguage\":\"es\"}]}<\/script>\n<!-- \/ Yoast SEO Premium plugin. -->","yoast_head_json":{"title":"Manu Tercer de Llu\u00eds Casademont, vencedor de la XX Escalagde - IX Veles d\u2019Emp\u00faries &#8211; Club N\u00e0utic L\u2019Escala","description":"La XX Escalagde - IX Veles d'Emp\u00faries vuelve a unir Agde y L'Escala con la participaci\u00f3n de cerca de 50 veleros.","robots":{"index":"index","follow":"follow","max-snippet":"max-snippet:-1","max-image-preview":"max-image-preview:large","max-video-preview":"max-video-preview:-1"},"canonical":"https:\/\/nauticescala.com\/es\/noticias\/xx-escalagde\/","og_locale":"es_ES","og_type":"article","og_title":"Manu Tercer de Llu\u00eds Casademont, vencedor de la XX Escalagde - IX Veles d\u2019Emp\u00faries","og_description":"La XX Escalagde - IX Veles d'Emp\u00faries vuelve a unir Agde y L'Escala con la participaci\u00f3n de cerca de 50 veleros.","og_url":"https:\/\/nauticescala.com\/es\/noticias\/xx-escalagde\/","og_site_name":"Club N\u00e0utic L\u2019Escala","article_modified_time":"2024-05-12T15:30:33+00:00","og_image":[{"width":1800,"height":907,"url":"https:\/\/nauticescala.com\/wp-content\/uploads\/2024\/05\/2024-nauticescala-escalagde-4.jpg","type":"image\/jpeg"}],"twitter_card":"summary_large_image","twitter_misc":{"Tiempo de lectura":"4 minutos"},"schema":{"@context":"https:\/\/schema.org","@graph":[{"@type":"WebPage","@id":"https:\/\/nauticescala.com\/es\/noticias\/xx-escalagde\/","url":"https:\/\/nauticescala.com\/es\/noticias\/xx-escalagde\/","name":"Manu Tercer de Llu\u00eds Casademont, vencedor de la XX Escalagde - IX Veles d\u2019Emp\u00faries &#8211; Club N\u00e0utic L\u2019Escala","isPartOf":{"@id":"https:\/\/nauticescala.com\/#website"},"primaryImageOfPage":{"@id":"https:\/\/nauticescala.com\/es\/noticias\/xx-escalagde\/#primaryimage"},"image":{"@id":"https:\/\/nauticescala.com\/es\/noticias\/xx-escalagde\/#primaryimage"},"thumbnailUrl":"https:\/\/nauticescala.com\/wp-content\/uploads\/2024\/05\/2024-nauticescala-escalagde-4.jpg","datePublished":"2024-05-12T15:22:58+00:00","dateModified":"2024-05-12T15:30:33+00:00","description":"La XX Escalagde - IX Veles d'Emp\u00faries vuelve a unir Agde y L'Escala con la participaci\u00f3n de cerca de 50 veleros.","breadcrumb":{"@id":"https:\/\/nauticescala.com\/es\/noticias\/xx-escalagde\/#breadcrumb"},"inLanguage":"es","potentialAction":[{"@type":"ReadAction","target":["https:\/\/nauticescala.com\/es\/noticias\/xx-escalagde\/"]}]},{"@type":"ImageObject","inLanguage":"es","@id":"https:\/\/nauticescala.com\/es\/noticias\/xx-escalagde\/#primaryimage","url":"https:\/\/nauticescala.com\/wp-content\/uploads\/2024\/05\/2024-nauticescala-escalagde-4.jpg","contentUrl":"https:\/\/nauticescala.com\/wp-content\/uploads\/2024\/05\/2024-nauticescala-escalagde-4.jpg","width":1800,"height":907},{"@type":"BreadcrumbList","@id":"https:\/\/nauticescala.com\/es\/noticias\/xx-escalagde\/#breadcrumb","itemListElement":[{"@type":"ListItem","position":1,"name":"Home","item":"https:\/\/nauticescala.com\/es\/"},{"@type":"ListItem","position":2,"name":"Not\u00edcies","item":"https:\/\/nauticescala.com\/noticies\/"},{"@type":"ListItem","position":3,"name":"Manu Tercer de Llu\u00eds Casademont, vencedor de la XX Escalagde &#8211; IX Veles d\u2019Emp\u00faries"}]},{"@type":"WebSite","@id":"https:\/\/nauticescala.com\/#website","url":"https:\/\/nauticescala.com\/","name":"Club N\u00e0utic L\u2019Escala","description":"Port esportiu a la Costa Brava","potentialAction":[{"@type":"SearchAction","target":{"@type":"EntryPoint","urlTemplate":"https:\/\/nauticescala.com\/?s={search_term_string}"},"query-input":{"@type":"PropertyValueSpecification","valueRequired":true,"valueName":"search_term_string"}}],"inLanguage":"es"}]}},"_links":{"self":[{"href":"https:\/\/nauticescala.com\/es\/wp-json\/wp\/v2\/news\/69024","targetHints":{"allow":["GET"]}}],"collection":[{"href":"https:\/\/nauticescala.com\/es\/wp-json\/wp\/v2\/news"}],"about":[{"href":"https:\/\/nauticescala.com\/es\/wp-json\/wp\/v2\/types\/news"}],"wp:featuredmedia":[{"embeddable":true,"href":"https:\/\/nauticescala.com\/es\/wp-json\/wp\/v2\/media\/69006"}],"wp:attachment":[{"href":"https:\/\/nauticescala.com\/es\/wp-json\/wp\/v2\/media?parent=69024"}],"wp:term":[{"taxonomy":"news-categories","embeddable":true,"href":"https:\/\/nauticescala.com\/es\/wp-json\/wp\/v2\/news-categories?post=69024"},{"taxonomy":"news-tags","embeddable":true,"href":"https:\/\/nauticescala.com\/es\/wp-json\/wp\/v2\/news-tags?post=69024"}],"curies":[{"name":"wp","href":"https:\/\/api.w.org\/{rel}","templated":true}]}}