 {"id":73370,"date":"2024-09-12T16:23:12","date_gmt":"2024-09-12T14:23:12","guid":{"rendered":"https:\/\/nauticescala.com\/noticies\/campionat-del-mon-de-la-classe-rs21\/"},"modified":"2024-09-13T12:44:20","modified_gmt":"2024-09-13T10:44:20","slug":"campeonato-del-mundo-de-la-clase-rs21","status":"publish","type":"news","link":"https:\/\/nauticescala.com\/es\/noticias\/campeonato-del-mundo-de-la-clase-rs21\/","title":{"rendered":"L&#8217;Escala se prepara para celebrar el Campeonato del Mundo de la clase RS21 2024"},"content":{"rendered":"\n<p>El Club N\u00e0utic L&#8217;Escala acoger\u00e1 el Campeonato del Mundo 2024 de la clase de monotipos de vela RS21 entre los d\u00edas 21 y 28 de septiembre. Su presentaci\u00f3n, que ha tenido lugar, hoy jueves 12 de septiembre a las 11 h en el Sal\u00f3n de Actos del Ayuntamiento de L&#8217;Escala, inicia la cuenta atr\u00e1s por el inicio de una competici\u00f3n que volver\u00e1 a situar la Costa Brava en el calendario de regatas internacional.<\/p>\n<section class=\"article-section\"><div class=\"container\">\n\n<\/div><\/section>\n<p>Cerca de 50 embarcaciones y 200 regatistas procedentes de 14 pa\u00edses diferentes vivir\u00e1n ocho emocionantes d\u00edas de convivencia y competici\u00f3n en el municipio ampurdan\u00e9s.<\/p>\n<section class=\"article-section\"><div class=\"container\">\n\n<\/div><\/section>\n<p>El acto ha contado con las intervenciones del presidente del Club Narc\u00eds Carreras, la consejera de deportes del Consejo Comarcal del Alt Empord\u00e0 N\u00faria Escarpenter y el Alcalde de la Escala Josep Bofill.<\/p>\n<section class=\"article-section\"><div class=\"container\">\n\n<\/div><\/section>    <figure class=\"image-banner\">\t\n\t\t<img decoding=\"async\" src=\"https:\/\/nauticescala.com\/wp-content\/uploads\/2024\/09\/2024-nauticescala-rs21-worlds-17.jpg\" alt=\"\" \/>\n\t<\/figure><!-- end image-banner -->\n<section class=\"article-section\"><div class=\"container\">\n\n<\/div><\/section>\n<h3 class=\"wp-block-heading\">Veleros sostenibles<\/h3>\n<section class=\"article-section\"><div class=\"container\">\n\n<\/div><\/section>\n<p>El director deportivo del Club y de la regata Xavi L\u00f3pez ha ofrecido los detalles del pr\u00f3ximo Campeonato del Mundo RS21 a los asistentes. La embarcaci\u00f3n RS21 es un monotipo de vela quillado de 6,67 metros de eslora que adem\u00e1s del rendimiento y diversi\u00f3n que ofrece destaca por ser sostenible. Su estructura est\u00e1 fabricada con resinas bioderivadas y materiales reciclados y se equipa con un motor el\u00e9ctrico para poder maniobrar en espacios reducidos o sin viento.<\/p>\n<section class=\"article-section\"><div class=\"container\">\n\n<\/div><\/section>\n<p>El RS21 navega con tripulaciones compuestas por cuatro personas, que en esta ocasi\u00f3n representar\u00e1n a los pa\u00edses de Espa\u00f1a, Gran Breta\u00f1a, Grecia, Italia, Irlanda, Lituania, Holanda, Polonia, Estados Unidos, Australia y Emiratos \u00c1rabes Unidos. Para poder asistirles, la organizaci\u00f3n ha previsto contar con un equipo de m\u00e1s de 40 personas.<\/p>\n<section class=\"article-section\"><div class=\"container\">\n\n<\/div><\/section>    <figure class=\"image-banner\">\t\n\t\t<img decoding=\"async\" src=\"https:\/\/nauticescala.com\/wp-content\/uploads\/2024\/09\/2024-nauticescala-rs21-worlds-5.jpg\" alt=\"\" \/>\n\t<\/figure><!-- end image-banner -->\n<section class=\"article-section\"><div class=\"container\">\n\n<\/div><\/section>\n<h3 class=\"wp-block-heading\">Ocho d\u00edas de competici\u00f3n<\/h3>\n<section class=\"article-section\"><div class=\"container\">\n\n<\/div><\/section>\n<p>Las puertas de la regata, que contar\u00e1 con un village situado en la plaza de la sede Social del Club y varios amarres situados en su proximidad, abrir\u00e1n los d\u00edas 21 y 22 de septiembre, destinados a los entrenamientos y a las mediciones.<\/p>\n<section class=\"article-section\"><div class=\"container\">\n\n<\/div><\/section>\n<p>El d\u00eda 23 a las 18 h tendr\u00e1 lugar la ceremonia de inauguraci\u00f3n, que dar\u00e1 el pistoletazo de salida a cuatro jornadas de competici\u00f3n oficial durante los que se ha previsto celebrar tres pruebas todos los d\u00edas entre las 12 y las 17 h, seguidas de diferentes eventos sociales pensados para que los navegantes puedan reencontrarse y disfrutar de buenos momentos. El d\u00eda 28, \u00faltimo d\u00eda de competici\u00f3n, el acto de entrega de premios, que tendr\u00e1 lugar a las 18 h, pondr\u00e1 fin al Campeonato del Mundo RS21 2024.<\/p>\n<section class=\"article-section\"><div class=\"container\">\n\n<\/div><\/section>    <figure class=\"image-banner\">\t\n\t\t<img decoding=\"async\" src=\"https:\/\/nauticescala.com\/wp-content\/uploads\/2024\/05\/2024-nauticescala-rs21-worlds-8.jpg\" alt=\"\" \/>\n\t<\/figure><!-- end image-banner -->\n<section class=\"article-section\"><div class=\"container\">\n\n<\/div><\/section>\n<h3 class=\"wp-block-heading\">Evento responsable<\/h3>\n<section class=\"article-section\"><div class=\"container\">\n\n<\/div><\/section>\n<p>El Campeonato del Mundo RS21 2024 opta al sello de platino del programa Clean Regattas de Sailors for the Sea, que avala la sostenibilidad de los eventos que tienen lugar en el agua desde 2006. En este sentido, el Club ha desarrollado cuatro l\u00edneas de trabajo para minimizar el impacto de la regata sobre el entorno natural que le rodea. \u00c9stas son la correcta gesti\u00f3n de residuos, el consumo responsable de agua, la prevenci\u00f3n de la entrada de toxinas en el mar y la organizaci\u00f3n de una limpieza de la costa.<\/p>\n<section class=\"article-section\"><div class=\"container\">\n\n<\/div><\/section>\n<p>En su vertiente m\u00e1s social, la regata se integrar\u00e1 en el Proyecto de Servicio Comunitario del IES El Pedr\u00f3 de l&#8217;Escala, vinculando, as\u00ed, a\u00fan m\u00e1s, el evento al territorio. En virtud de este proyecto, un grupo de alumnos del centro participar\u00e1n como voluntarios en la organizaci\u00f3n de la regata, lo que les permitir\u00e1 ampliar su aprendizaje en el ejercicio activo de la ciudadan\u00eda, as\u00ed como poner en juego sus conocimientos y capacidades al servicio de la comunidad.<\/p>\n<section class=\"article-section\"><div class=\"container\">\n\n<\/div><\/section>    <figure class=\"image-banner\">\t\n\t\t<img decoding=\"async\" src=\"https:\/\/nauticescala.com\/wp-content\/uploads\/2024\/09\/2024-nauticescala-rs21-worlds-19.jpg\" alt=\"\" \/>\n\t<\/figure><!-- end image-banner -->\n<section class=\"article-section\"><div class=\"container\">\n\n<\/div><\/section>\n<p>El Campeonato del Mundo RS21 2024 ser\u00e1 organizado por el Club N\u00e0utic L&#8217;Escala y la clase RS21 con el aval de la Federaci\u00f3n Catalana de Vela y la Real Federaci\u00f3n Espa\u00f1ola de Vela.<\/p>\n<section class=\"article-section\"><div class=\"container\">\n\n<\/div><\/section>\n<p>El evento cuenta con el apoyo institucional del Ayuntamiento de L&#8217;Escala, la Diputaci\u00f3n de Girona, el Patronato de Turismo Costa Brava y la Secretar\u00eda General del Deporte de la Generalitat de Catalunya. Tambi\u00e9n, con la colaboraci\u00f3n de Hyundai Fornells Motor, RS Sailing, Camping la Ballena Alegre, el Consejo Superior de Deportes, Ports de la Generalitat, Nautivela y RS Veleros.<\/p>\n<section class=\"article-section\"><div class=\"container\">\n\n<\/div><\/section>\n<p>La regata ser\u00e1 financiada por el Plan de Recuperaci\u00f3n, Transformaci\u00f3n y Resiliencia financiado por los fondos de la Uni\u00f3n Europea \u2013 Next Generation UE, dentro de las acciones que forman parte del convenio de colaboraci\u00f3n firmado este verano entre el Ayuntamiento de L&#8217;Escala y el Club N\u00e0utic l&#8217;Escala con el objetivo de fomentar la realizaci\u00f3n de actividades sostenibles en el mar, as\u00ed como eventos n\u00e1uticos sin motor.<\/p>\n<section class=\"article-section\"><div class=\"container\">\n\n<\/div><\/section>\t<div class=\"container\">\n\n<div class=\"content-block\">\n \t \t\n \t \t   \n \t\t    <div class=\"partners-block\">\t    \t\n\t    \t\t    \t\t<h3>Organizaci\u00f3n<\/h3>\n\t    \t  \n\t    \t   \n\t    \t\t\t        <ul class=\"partners-list\">\n\t\t        \t\t\t        \t\t\t\t\t            <li>\n\t\t\t                <a target=\"_blank\" href=\"#no-follow\">\n\t\t\t                \t\t\t\t                \t\t<img decoding=\"async\" src=\"https:\/\/nauticescala.com\/wp-content\/uploads\/2020\/02\/cnle.jpg\" alt=\"\">\n\t\t\t                \t\t\t\t                <\/a>\n\t\t\t            <\/li>\t\t        \t\t\n\t\t        \t\t\t        \t\t\t\t\t            <li>\n\t\t\t                <a target=\"_blank\" href=\"#no-follow\">\n\t\t\t                \t\t\t\t                \t\t<img decoding=\"async\" src=\"https:\/\/nauticescala.com\/wp-content\/uploads\/2024\/05\/logo-rs21-class.png\" alt=\"\">\n\t\t\t                \t\t\t\t                <\/a>\n\t\t\t            <\/li>\t\t        \t\t\n\t\t        \t\t\t            \n\t\t        <\/ul><!-- end partners-list -->\t    \t\t\n\t    \t\t    <\/div><!-- end partners-block --> \t   \t\n \t   \n<\/div><!-- end content-block -->\n\n\t<\/div>\n\n<section class=\"article-section\"><div class=\"container\">\n\n<\/div><\/section>\t<div class=\"container\">\n\n<div class=\"content-block\">\n \t \t\n \t \t   \n \t\t    <div class=\"partners-block\">\t    \t\n\t    \t\t    \t\t<h3>Sponsors<\/h3>\n\t    \t  \n\t    \t   \n\t    \t\t\t        <ul class=\"partners-list\">\n\t\t        \t\t\t        \t\t\t\t\t            <li>\n\t\t\t                <a target=\"_blank\" href=\"#no-follow\">\n\t\t\t                \t\t\t\t                \t\t<img decoding=\"async\" src=\"https:\/\/nauticescala.com\/wp-content\/uploads\/2024\/05\/turisme-escala.jpg\" alt=\"\">\n\t\t\t                \t\t\t\t                <\/a>\n\t\t\t            <\/li>\t\t        \t\t\n\t\t        \t\t\t        \t\t\t\t\t            <li>\n\t\t\t                <a target=\"_blank\" href=\"#no-follow\">\n\t\t\t                \t\t\t\t                \t\t<img decoding=\"async\" src=\"https:\/\/nauticescala.com\/wp-content\/uploads\/2024\/05\/logo-esportcat-350x77.jpg\" alt=\"\">\n\t\t\t                \t\t\t\t                <\/a>\n\t\t\t            <\/li>\t\t        \t\t\n\t\t        \t\t\t        \t\t\t\t\t            <li>\n\t\t\t                <a target=\"_blank\" href=\"#no-follow\">\n\t\t\t                \t\t\t\t                \t\t<img decoding=\"async\" src=\"https:\/\/nauticescala.com\/wp-content\/uploads\/2020\/08\/diputacio-350x201.jpg\" alt=\"\">\n\t\t\t                \t\t\t\t                <\/a>\n\t\t\t            <\/li>\t\t        \t\t\n\t\t        \t\t\t        \t\t\t\t\t            <li>\n\t\t\t                <a target=\"_blank\" href=\"#no-follow\">\n\t\t\t                \t\t\t\t                \t\t<img decoding=\"async\" src=\"https:\/\/nauticescala.com\/wp-content\/uploads\/2023\/01\/logo-vector-patronat-de-turisme-costa-brava-girona-350x178.jpg\" alt=\"\">\n\t\t\t                \t\t\t\t                <\/a>\n\t\t\t            <\/li>\t\t        \t\t\n\t\t        \t\t\t        \t\t\t\t\t            <li>\n\t\t\t                <a target=\"_blank\" href=\"#no-follow\">\n\t\t\t                \t\t\t\t                \t\t<img decoding=\"async\" src=\"https:\/\/nauticescala.com\/wp-content\/uploads\/2024\/05\/logo-hyundai-fornells-motor-350x254.jpg\" alt=\"\">\n\t\t\t                \t\t\t\t                <\/a>\n\t\t\t            <\/li>\t\t        \t\t\n\t\t        \t\t\t        \t\t\t\t\t            <li>\n\t\t\t                <a target=\"_blank\" href=\"#no-follow\">\n\t\t\t                \t\t\t\t                \t\t<img decoding=\"async\" src=\"https:\/\/nauticescala.com\/wp-content\/uploads\/2022\/04\/logo-ballena-alegre-costa-brava-cuadrado.jpg\" alt=\"\">\n\t\t\t                \t\t\t\t                <\/a>\n\t\t\t            <\/li>\t\t        \t\t\n\t\t        \t\t\t            \n\t\t        <\/ul><!-- end partners-list -->\t    \t\t\n\t    \t\t    <\/div><!-- end partners-block --> \t   \t\n \t   \n<\/div><!-- end content-block -->\n\n\t<\/div>\n\n<section class=\"article-section\"><div class=\"container\">\n\n<\/div><\/section>\t<div class=\"container\">\n\n<div class=\"content-block\">\n \t \t\n \t \t   \n \t\t    <div class=\"partners-block\">\t    \t\n\t    \t\t    \t\t<h3>Con el apoyo de<\/h3>\n\t    \t  \n\t    \t   \n\t    \t\t\t        <ul class=\"partners-list\">\n\t\t        \t\t\t        \t\t\t\t\t            <li>\n\t\t\t                <a target=\"_blank\" href=\"#no-follow\">\n\t\t\t                \t\t\t\t                \t\t<img decoding=\"async\" src=\"https:\/\/nauticescala.com\/wp-content\/uploads\/2024\/05\/consejo-superior-de-deportes-350x151.jpg\" alt=\"\">\n\t\t\t                \t\t\t\t                <\/a>\n\t\t\t            <\/li>\t\t        \t\t\n\t\t        \t\t\t        \t\t\t\t\t            <li>\n\t\t\t                <a target=\"_blank\" href=\"#no-follow\">\n\t\t\t                \t\t\t\t                \t\t<img decoding=\"async\" src=\"https:\/\/nauticescala.com\/wp-content\/uploads\/2020\/02\/rfev.jpg\" alt=\"\">\n\t\t\t                \t\t\t\t                <\/a>\n\t\t\t            <\/li>\t\t        \t\t\n\t\t        \t\t\t        \t\t\t\t\t            <li>\n\t\t\t                <a target=\"_blank\" href=\"#no-follow\">\n\t\t\t                \t\t\t\t                \t\t<img decoding=\"async\" src=\"https:\/\/nauticescala.com\/wp-content\/uploads\/2023\/01\/ports-350x119.jpg\" alt=\"\">\n\t\t\t                \t\t\t\t                <\/a>\n\t\t\t            <\/li>\t\t        \t\t\n\t\t        \t\t\t        \t\t\t\t\t            <li>\n\t\t\t                <a target=\"_blank\" href=\"#no-follow\">\n\t\t\t                \t\t\t\t                \t\t<img decoding=\"async\" src=\"https:\/\/nauticescala.com\/wp-content\/uploads\/2020\/08\/logo-fcv-350x215.png\" alt=\"\">\n\t\t\t                \t\t\t\t                <\/a>\n\t\t\t            <\/li>\t\t        \t\t\n\t\t        \t\t\t        \t\t\t\t\t            <li>\n\t\t\t                <a target=\"_blank\" href=\"#no-follow\">\n\t\t\t                \t\t\t\t                \t\t<img decoding=\"async\" src=\"https:\/\/nauticescala.com\/wp-content\/uploads\/2022\/09\/logo-sailors-for-the-sea-350x176.jpg\" alt=\"\">\n\t\t\t                \t\t\t\t                <\/a>\n\t\t\t            <\/li>\t\t        \t\t\n\t\t        \t\t\t        \t\t\t\t\t            <li>\n\t\t\t                <a target=\"_blank\" href=\"#no-follow\">\n\t\t\t                \t\t\t\t                \t\t<img decoding=\"async\" src=\"https:\/\/nauticescala.com\/wp-content\/uploads\/2020\/01\/logo-nautivela-350x85.jpg\" alt=\"\">\n\t\t\t                \t\t\t\t                <\/a>\n\t\t\t            <\/li>\t\t        \t\t\n\t\t        \t\t\t        \t\t\t\t\t            <li>\n\t\t\t                <a target=\"_blank\" href=\"#no-follow\">\n\t\t\t                \t\t\t\t                \t\t<img decoding=\"async\" src=\"https:\/\/nauticescala.com\/wp-content\/uploads\/2021\/01\/rs-veleros.jpg\" alt=\"\">\n\t\t\t                \t\t\t\t                <\/a>\n\t\t\t            <\/li>\t\t        \t\t\n\t\t        \t\t\t            \n\t\t        <\/ul><!-- end partners-list -->\t    \t\t\n\t    \t\t    <\/div><!-- end partners-block --> \t   \t\n \t   \n<\/div><!-- end content-block -->\n\n\t<\/div>\n\n<section class=\"article-section\"><div class=\"container\">\n\n<\/div><\/section>\t<div class=\"container\">\n\n<div class=\"content-block\">\n \t \t\n \t \t   \n \t\t    <div class=\"partners-block\">\t    \t\n\t    \t\t    \t\t<h3>Esta actividad est\u00e1 financiada por el Plan de Recuperaci\u00f3n, Transformaci\u00f3n y Resiliencia \u2013 Financiado por la Uni\u00f3n Europea \u2013 Next Generation EU<\/h3>\n\t    \t  \n\t    \t   \n\t    \t\t\t        <ul class=\"partners-list\">\n\t\t        \t\t\t        \t\t\t\t\t            <li>\n\t\t\t                <a target=\"_blank\" href=\"#no-follow\">\n\t\t\t                \t\t\t\t                \t\t<img decoding=\"async\" src=\"https:\/\/nauticescala.com\/wp-content\/uploads\/2024\/04\/unio-europea-fons-europeu-next-generation-1-350x74.png\" alt=\"\">\n\t\t\t                \t\t\t\t                <\/a>\n\t\t\t            <\/li>\t\t        \t\t\n\t\t        \t\t\t        \t\t\t\t\t            <li>\n\t\t\t                <a target=\"_blank\" href=\"#no-follow\">\n\t\t\t                \t\t\t\t                \t\t<img decoding=\"async\" src=\"https:\/\/nauticescala.com\/wp-content\/uploads\/2024\/05\/ministerio-de-industria-y-turismo-350x113.png\" alt=\"\">\n\t\t\t                \t\t\t\t                <\/a>\n\t\t\t            <\/li>\t\t        \t\t\n\t\t        \t\t\t        \t\t\t\t\t            <li>\n\t\t\t                <a target=\"_blank\" href=\"#no-follow\">\n\t\t\t                \t\t\t\t                \t\t<img decoding=\"async\" src=\"https:\/\/nauticescala.com\/wp-content\/uploads\/2024\/04\/plan-de-recuperacion-transformacion-y-resiliencia-1-350x197.jpg\" alt=\"\">\n\t\t\t                \t\t\t\t                <\/a>\n\t\t\t            <\/li>\t\t        \t\t\n\t\t        \t\t\t        \t\t\t\t\t            <li>\n\t\t\t                <a target=\"_blank\" href=\"#no-follow\">\n\t\t\t                \t\t\t\t                \t\t<img decoding=\"async\" src=\"https:\/\/nauticescala.com\/wp-content\/uploads\/2024\/04\/next-generation-catalunya-1-350x210.jpg\" alt=\"\">\n\t\t\t                \t\t\t\t                <\/a>\n\t\t\t            <\/li>\t\t        \t\t\n\t\t        \t\t\t        \t\t\t\t\t            <li>\n\t\t\t                <a target=\"_blank\" href=\"#no-follow\">\n\t\t\t                \t\t\t\t                \t\t<img decoding=\"async\" src=\"https:\/\/nauticescala.com\/wp-content\/uploads\/2024\/04\/generalitat-de-catalunya-350x102.png\" alt=\"\">\n\t\t\t                \t\t\t\t                <\/a>\n\t\t\t            <\/li>\t\t        \t\t\n\t\t        \t\t\t            \n\t\t        <\/ul><!-- end partners-list -->\t    \t\t\n\t    \t\t    <\/div><!-- end partners-block --> \t   \t\n \t   \n<\/div><!-- end content-block -->\n\n\t<\/div>\n\n","protected":false},"excerpt":{"rendered":"<p>El Campeonato del Mundo de la clase RS21 reunir\u00e1 a cerca de 50 embarcaciones y 200 regatistas procedentes de 14 pa\u00edses diferentes.<\/p>\n","protected":false},"featured_media":73351,"parent":0,"template":"","news-categories":[964],"news-tags":[],"class_list":["post-73370","news","type-news","status-publish","has-post-thumbnail","hentry","news-categories-regatas"],"acf":[],"yoast_head":"<!-- This site is optimized with the Yoast SEO Premium plugin v20.7 (Yoast SEO v27.4) - https:\/\/yoast.com\/product\/yoast-seo-premium-wordpress\/ -->\n<title>L&#039;Escala se prepara para celebrar el Campeonato del Mundo de la clase RS21 2024 &#8211; Club N\u00e0utic L\u2019Escala<\/title>\n<meta name=\"description\" content=\"El Campeonato del Mundo de la clase RS21 reunir\u00e1 a cerca de 50 embarcaciones y 200 regatistas procedentes de 14 pa\u00edses diferentes.\" \/>\n<meta name=\"robots\" content=\"index, follow, max-snippet:-1, max-image-preview:large, max-video-preview:-1\" \/>\n<link rel=\"canonical\" href=\"https:\/\/nauticescala.com\/es\/noticias\/campeonato-del-mundo-de-la-clase-rs21\/\" \/>\n<meta property=\"og:locale\" content=\"es_ES\" \/>\n<meta property=\"og:type\" content=\"article\" \/>\n<meta property=\"og:title\" content=\"L&#039;Escala se prepara para celebrar el Campeonato del Mundo de la clase RS21 2024\" \/>\n<meta property=\"og:description\" content=\"El Campeonato del Mundo de la clase RS21 reunir\u00e1 a cerca de 50 embarcaciones y 200 regatistas procedentes de 14 pa\u00edses diferentes.\" \/>\n<meta property=\"og:url\" content=\"https:\/\/nauticescala.com\/es\/noticias\/campeonato-del-mundo-de-la-clase-rs21\/\" \/>\n<meta property=\"og:site_name\" content=\"Club N\u00e0utic L\u2019Escala\" \/>\n<meta property=\"article:modified_time\" content=\"2024-09-13T10:44:20+00:00\" \/>\n<meta property=\"og:image\" content=\"https:\/\/nauticescala.com\/wp-content\/uploads\/2024\/09\/2024-nauticescala-rs21-worlds-19.jpg\" \/>\n\t<meta property=\"og:image:width\" content=\"1800\" \/>\n\t<meta property=\"og:image:height\" content=\"907\" \/>\n\t<meta property=\"og:image:type\" content=\"image\/jpeg\" \/>\n<meta name=\"twitter:card\" content=\"summary_large_image\" \/>\n<meta name=\"twitter:label1\" content=\"Tiempo de lectura\" \/>\n\t<meta name=\"twitter:data1\" content=\"5 minutos\" \/>\n<script type=\"application\/ld+json\" class=\"yoast-schema-graph\">{\"@context\":\"https:\\\/\\\/schema.org\",\"@graph\":[{\"@type\":\"WebPage\",\"@id\":\"https:\\\/\\\/nauticescala.com\\\/es\\\/noticias\\\/campeonato-del-mundo-de-la-clase-rs21\\\/\",\"url\":\"https:\\\/\\\/nauticescala.com\\\/es\\\/noticias\\\/campeonato-del-mundo-de-la-clase-rs21\\\/\",\"name\":\"L'Escala se prepara para celebrar el Campeonato del Mundo de la clase RS21 2024 &#8211; Club N\u00e0utic L\u2019Escala\",\"isPartOf\":{\"@id\":\"https:\\\/\\\/nauticescala.com\\\/#website\"},\"primaryImageOfPage\":{\"@id\":\"https:\\\/\\\/nauticescala.com\\\/es\\\/noticias\\\/campeonato-del-mundo-de-la-clase-rs21\\\/#primaryimage\"},\"image\":{\"@id\":\"https:\\\/\\\/nauticescala.com\\\/es\\\/noticias\\\/campeonato-del-mundo-de-la-clase-rs21\\\/#primaryimage\"},\"thumbnailUrl\":\"https:\\\/\\\/nauticescala.com\\\/wp-content\\\/uploads\\\/2024\\\/09\\\/2024-nauticescala-rs21-worlds-19.jpg\",\"datePublished\":\"2024-09-12T14:23:12+00:00\",\"dateModified\":\"2024-09-13T10:44:20+00:00\",\"description\":\"El Campeonato del Mundo de la clase RS21 reunir\u00e1 a cerca de 50 embarcaciones y 200 regatistas procedentes de 14 pa\u00edses diferentes.\",\"breadcrumb\":{\"@id\":\"https:\\\/\\\/nauticescala.com\\\/es\\\/noticias\\\/campeonato-del-mundo-de-la-clase-rs21\\\/#breadcrumb\"},\"inLanguage\":\"es\",\"potentialAction\":[{\"@type\":\"ReadAction\",\"target\":[\"https:\\\/\\\/nauticescala.com\\\/es\\\/noticias\\\/campeonato-del-mundo-de-la-clase-rs21\\\/\"]}]},{\"@type\":\"ImageObject\",\"inLanguage\":\"es\",\"@id\":\"https:\\\/\\\/nauticescala.com\\\/es\\\/noticias\\\/campeonato-del-mundo-de-la-clase-rs21\\\/#primaryimage\",\"url\":\"https:\\\/\\\/nauticescala.com\\\/wp-content\\\/uploads\\\/2024\\\/09\\\/2024-nauticescala-rs21-worlds-19.jpg\",\"contentUrl\":\"https:\\\/\\\/nauticescala.com\\\/wp-content\\\/uploads\\\/2024\\\/09\\\/2024-nauticescala-rs21-worlds-19.jpg\",\"width\":1800,\"height\":907},{\"@type\":\"BreadcrumbList\",\"@id\":\"https:\\\/\\\/nauticescala.com\\\/es\\\/noticias\\\/campeonato-del-mundo-de-la-clase-rs21\\\/#breadcrumb\",\"itemListElement\":[{\"@type\":\"ListItem\",\"position\":1,\"name\":\"Home\",\"item\":\"https:\\\/\\\/nauticescala.com\\\/es\\\/\"},{\"@type\":\"ListItem\",\"position\":2,\"name\":\"Not\u00edcies\",\"item\":\"https:\\\/\\\/nauticescala.com\\\/noticies\\\/\"},{\"@type\":\"ListItem\",\"position\":3,\"name\":\"L&#8217;Escala se prepara para celebrar el Campeonato del Mundo de la clase RS21 2024\"}]},{\"@type\":\"WebSite\",\"@id\":\"https:\\\/\\\/nauticescala.com\\\/#website\",\"url\":\"https:\\\/\\\/nauticescala.com\\\/\",\"name\":\"Club N\u00e0utic L\u2019Escala\",\"description\":\"Port esportiu a la Costa Brava\",\"potentialAction\":[{\"@type\":\"SearchAction\",\"target\":{\"@type\":\"EntryPoint\",\"urlTemplate\":\"https:\\\/\\\/nauticescala.com\\\/?s={search_term_string}\"},\"query-input\":{\"@type\":\"PropertyValueSpecification\",\"valueRequired\":true,\"valueName\":\"search_term_string\"}}],\"inLanguage\":\"es\"}]}<\/script>\n<!-- \/ Yoast SEO Premium plugin. -->","yoast_head_json":{"title":"L'Escala se prepara para celebrar el Campeonato del Mundo de la clase RS21 2024 &#8211; Club N\u00e0utic L\u2019Escala","description":"El Campeonato del Mundo de la clase RS21 reunir\u00e1 a cerca de 50 embarcaciones y 200 regatistas procedentes de 14 pa\u00edses diferentes.","robots":{"index":"index","follow":"follow","max-snippet":"max-snippet:-1","max-image-preview":"max-image-preview:large","max-video-preview":"max-video-preview:-1"},"canonical":"https:\/\/nauticescala.com\/es\/noticias\/campeonato-del-mundo-de-la-clase-rs21\/","og_locale":"es_ES","og_type":"article","og_title":"L'Escala se prepara para celebrar el Campeonato del Mundo de la clase RS21 2024","og_description":"El Campeonato del Mundo de la clase RS21 reunir\u00e1 a cerca de 50 embarcaciones y 200 regatistas procedentes de 14 pa\u00edses diferentes.","og_url":"https:\/\/nauticescala.com\/es\/noticias\/campeonato-del-mundo-de-la-clase-rs21\/","og_site_name":"Club N\u00e0utic L\u2019Escala","article_modified_time":"2024-09-13T10:44:20+00:00","og_image":[{"width":1800,"height":907,"url":"https:\/\/nauticescala.com\/wp-content\/uploads\/2024\/09\/2024-nauticescala-rs21-worlds-19.jpg","type":"image\/jpeg"}],"twitter_card":"summary_large_image","twitter_misc":{"Tiempo de lectura":"5 minutos"},"schema":{"@context":"https:\/\/schema.org","@graph":[{"@type":"WebPage","@id":"https:\/\/nauticescala.com\/es\/noticias\/campeonato-del-mundo-de-la-clase-rs21\/","url":"https:\/\/nauticescala.com\/es\/noticias\/campeonato-del-mundo-de-la-clase-rs21\/","name":"L'Escala se prepara para celebrar el Campeonato del Mundo de la clase RS21 2024 &#8211; Club N\u00e0utic L\u2019Escala","isPartOf":{"@id":"https:\/\/nauticescala.com\/#website"},"primaryImageOfPage":{"@id":"https:\/\/nauticescala.com\/es\/noticias\/campeonato-del-mundo-de-la-clase-rs21\/#primaryimage"},"image":{"@id":"https:\/\/nauticescala.com\/es\/noticias\/campeonato-del-mundo-de-la-clase-rs21\/#primaryimage"},"thumbnailUrl":"https:\/\/nauticescala.com\/wp-content\/uploads\/2024\/09\/2024-nauticescala-rs21-worlds-19.jpg","datePublished":"2024-09-12T14:23:12+00:00","dateModified":"2024-09-13T10:44:20+00:00","description":"El Campeonato del Mundo de la clase RS21 reunir\u00e1 a cerca de 50 embarcaciones y 200 regatistas procedentes de 14 pa\u00edses diferentes.","breadcrumb":{"@id":"https:\/\/nauticescala.com\/es\/noticias\/campeonato-del-mundo-de-la-clase-rs21\/#breadcrumb"},"inLanguage":"es","potentialAction":[{"@type":"ReadAction","target":["https:\/\/nauticescala.com\/es\/noticias\/campeonato-del-mundo-de-la-clase-rs21\/"]}]},{"@type":"ImageObject","inLanguage":"es","@id":"https:\/\/nauticescala.com\/es\/noticias\/campeonato-del-mundo-de-la-clase-rs21\/#primaryimage","url":"https:\/\/nauticescala.com\/wp-content\/uploads\/2024\/09\/2024-nauticescala-rs21-worlds-19.jpg","contentUrl":"https:\/\/nauticescala.com\/wp-content\/uploads\/2024\/09\/2024-nauticescala-rs21-worlds-19.jpg","width":1800,"height":907},{"@type":"BreadcrumbList","@id":"https:\/\/nauticescala.com\/es\/noticias\/campeonato-del-mundo-de-la-clase-rs21\/#breadcrumb","itemListElement":[{"@type":"ListItem","position":1,"name":"Home","item":"https:\/\/nauticescala.com\/es\/"},{"@type":"ListItem","position":2,"name":"Not\u00edcies","item":"https:\/\/nauticescala.com\/noticies\/"},{"@type":"ListItem","position":3,"name":"L&#8217;Escala se prepara para celebrar el Campeonato del Mundo de la clase RS21 2024"}]},{"@type":"WebSite","@id":"https:\/\/nauticescala.com\/#website","url":"https:\/\/nauticescala.com\/","name":"Club N\u00e0utic L\u2019Escala","description":"Port esportiu a la Costa Brava","potentialAction":[{"@type":"SearchAction","target":{"@type":"EntryPoint","urlTemplate":"https:\/\/nauticescala.com\/?s={search_term_string}"},"query-input":{"@type":"PropertyValueSpecification","valueRequired":true,"valueName":"search_term_string"}}],"inLanguage":"es"}]}},"_links":{"self":[{"href":"https:\/\/nauticescala.com\/es\/wp-json\/wp\/v2\/news\/73370","targetHints":{"allow":["GET"]}}],"collection":[{"href":"https:\/\/nauticescala.com\/es\/wp-json\/wp\/v2\/news"}],"about":[{"href":"https:\/\/nauticescala.com\/es\/wp-json\/wp\/v2\/types\/news"}],"wp:featuredmedia":[{"embeddable":true,"href":"https:\/\/nauticescala.com\/es\/wp-json\/wp\/v2\/media\/73351"}],"wp:attachment":[{"href":"https:\/\/nauticescala.com\/es\/wp-json\/wp\/v2\/media?parent=73370"}],"wp:term":[{"taxonomy":"news-categories","embeddable":true,"href":"https:\/\/nauticescala.com\/es\/wp-json\/wp\/v2\/news-categories?post=73370"},{"taxonomy":"news-tags","embeddable":true,"href":"https:\/\/nauticescala.com\/es\/wp-json\/wp\/v2\/news-tags?post=73370"}],"curies":[{"name":"wp","href":"https:\/\/api.w.org\/{rel}","templated":true}]}}