 {"id":103409,"date":"2026-08-30T18:25:19","date_gmt":"2026-08-30T16:25:19","guid":{"rendered":"https:\/\/nauticescala.com\/?post_type=news&#038;p=103409"},"modified":"2026-08-30T19:15:43","modified_gmt":"2026-08-30T17:15:43","slug":"25-ans-regata-atena","status":"publish","type":"news","link":"https:\/\/nauticescala.com\/fr\/nouvelles\/25-ans-regata-atena\/","title":{"rendered":"25 ans de Regata Atena remplissant les eaux d&rsquo;Emp\u00faries de voiles"},"content":{"rendered":"\n<p>La XXVe Regata Atena a c\u00e9l\u00e9br\u00e9 ce week-end une \u00e9dition tr\u00e8s particuli\u00e8re \u00e0 l&rsquo;occasion de son 25e anniversaire. Cette r\u00e9gate de voile l\u00e9g\u00e8re, organis\u00e9e par le Club N\u00e0utic l&rsquo;Escala par d\u00e9l\u00e9gation de la F\u00e9d\u00e9ration Catalane de Voile et avec la collaboration de la mairie de l&rsquo;Escala, a r\u00e9uni 80 participants dans les eaux d&rsquo;Emp\u00faries, confirmant son statut d&rsquo;un des rendez-vous sportifs les plus embl\u00e9matiques de la Festa Major de l&rsquo;Escala.<\/p>\n<section class=\"article-section\"><div class=\"container\">\n\n<\/div><\/section>\n<p>Depuis un quart de si\u00e8cle, la Regata Atena fait de la mer un prolongement de la f\u00eate locale, r\u00e9unissant plusieurs g\u00e9n\u00e9rations de navigateurs et contribuant \u00e0 la promotion de la voile sur la Costa Brava. Cette \u00e9dition comm\u00e9morative a une nouvelle fois d\u00e9montr\u00e9 la vitalit\u00e9 de l&rsquo;\u00e9preuve et son attractivit\u00e9 aupr\u00e8s de r\u00e9gatiers venus de diff\u00e9rents territoires.<br><br><\/p>\n<section class=\"article-section\"><div class=\"container\">\n\n<\/div><\/section>    <figure class=\"image-banner\">\t\n\t\t<img decoding=\"async\" src=\"https:\/\/nauticescala.com\/wp-content\/uploads\/2026\/08\/2026-nauticescala-regata-atena-10.jpg\" alt=\"\" \/>\n\t<\/figure><!-- end image-banner -->\n<section class=\"article-section\"><div class=\"container\">\n\n<\/div><\/section>\n<p><\/p>\n<section class=\"article-section\"><div class=\"container\">\n\n<\/div><\/section>\n<p><br>Les conditions de navigation ont mis les participants \u00e0 l&rsquo;\u00e9preuve tout au long du week-end, avec un vent changeant et une mer dont l&rsquo;intensit\u00e9 a progressivement augment\u00e9 au fil de la comp\u00e9tition. Malgr\u00e9 ces conditions exigeantes, les r\u00e9gatiers ont fait preuve d&rsquo;une grande capacit\u00e9 d&rsquo;adaptation et de pers\u00e9v\u00e9rance, permettant ainsi de mener \u00e0 bien l&rsquo;ensemble du programme sportif de la XXVe Regata Atena.<\/p>\n<section class=\"article-section\"><div class=\"container\">\n\n<\/div><\/section>\n<p><br><br><\/p>\n<section class=\"article-section\"><div class=\"container\">\n\n<\/div><\/section>    <figure class=\"image-banner\">\t\n\t\t<img decoding=\"async\" src=\"https:\/\/nauticescala.com\/wp-content\/uploads\/2026\/08\/2026-nauticescala-regata-atena-7.jpg\" alt=\"\" \/>\n\t<\/figure><!-- end image-banner -->\n<section class=\"article-section\"><div class=\"container\">\n\n<\/div><\/section>\n<p><\/p>\n<section class=\"article-section\"><div class=\"container\">\n\n<\/div><\/section>\n<h3 class=\"wp-block-heading\">R\u00e9sultats sportifs<\/h3>\n<section class=\"article-section\"><div class=\"container\">\n\n<\/div><\/section>\n<p>Dans la classe Optimist, la victoire au classement g\u00e9n\u00e9ral est revenue \u00e0 <strong>Mia Mateu, du Club N\u00e0utic l&rsquo;Escala<\/strong>, au terme d&rsquo;un week-end tr\u00e8s disput\u00e9. <strong>Dani L\u00f3pez, du Club N\u00e0utic Arenys de Mar<\/strong>, a pris la deuxi\u00e8me place, tandis que <strong>Loris Mateu, \u00e9galement du Club N\u00e0utic l&rsquo;Escala<\/strong>, a compl\u00e9t\u00e9 le podium en troisi\u00e8me position.<\/p>\n<section class=\"article-section\"><div class=\"container\">\n\n<\/div><\/section>\n<p>Dans la classe ILCA 6, la victoire est revenue \u00e0 <strong>Jos\u00e9 Mar\u00eda Van der Ploeg, du Club N\u00e0utic El Bal\u00eds<\/strong>, devant <strong>Jos\u00e9 Maria Van der Ploeg, \u00e9galement du Club N\u00e0utic El Bal\u00eds<\/strong>, deuxi\u00e8me. <strong>Miguel Noguer, du Club N\u00e0utic El Masnou<\/strong>, a compl\u00e9t\u00e9 le podium.<\/p>\n<section class=\"article-section\"><div class=\"container\">\n\n<\/div><\/section>\n<p>Dans la cat\u00e9gorie Open, la victoire a \u00e9t\u00e9 remport\u00e9e par <strong>Jordi Cam\u00f3s, du CNCB Vela Palam\u00f3s<\/strong>, \u00e0 l&rsquo;issue des diff\u00e9rentes manches disput\u00e9es durant le week-end. La deuxi\u00e8me place est revenue \u00e0 <strong>Marc Abanara, du Club N\u00e0utic Arenys de Mar<\/strong>, tandis que <strong>Laura Molina, \u00e9galement du Club N\u00e0utic Arenys de Mar<\/strong>, a termin\u00e9 troisi\u00e8me.<\/p>\n<section class=\"article-section\"><div class=\"container\">\n\n<\/div><\/section>\n<p>Dans la classe Hansa, la victoire est revenue \u00e0 <strong>Pep Campi Valls<\/strong>, devant <strong>Anna Nadal<\/strong>. Le Club N\u00e0utic l&rsquo;Escala attache une importance toute particuli\u00e8re \u00e0 la participation de cette classe, qui contribue \u00e0 faire de la Regata Atena une comp\u00e9tition ouverte et inclusive, o\u00f9 des navigateurs aux profils vari\u00e9s peuvent partager leur exp\u00e9rience sur les eaux d&rsquo;Emp\u00faries.<\/p>\n<section class=\"article-section\"><div class=\"container\">\n\n<\/div><\/section>\n<p><br><\/p>\n<section class=\"article-section\"><div class=\"container\">\n\n<\/div><\/section>    <figure class=\"image-banner\">\t\n\t\t<img decoding=\"async\" src=\"https:\/\/nauticescala.com\/wp-content\/uploads\/2026\/08\/2026-nauticescala-regata-atena-3.jpg\" alt=\"\" \/>\n\t<\/figure><!-- end image-banner -->\n<section class=\"article-section\"><div class=\"container\">\n\n<\/div><\/section>\n<p><br><br>La remise des prix s&rsquo;est tenue dimanche dans les installations de l&rsquo;\u00c9cole de Voile du Club N\u00e0utic l&rsquo;Escala en pr\u00e9sence du maire de l&rsquo;Escala, <strong>Josep Bofill<\/strong>, dans le cadre de cette XXVe \u00e9dition comm\u00e9morative de la Regata Atena.<\/p>\n<section class=\"article-section\"><div class=\"container\">\n\n<\/div><\/section>\n<p>Avec cette \u00e9dition anniversaire, la Regata Atena totalise d\u00e9sormais vingt-cinq ann\u00e9es d&rsquo;histoire et s&rsquo;affirme comme l&rsquo;une des comp\u00e9titions de voile l\u00e9g\u00e8re les plus traditionnelles de la Costa Brava. Cr\u00e9\u00e9e pour faire vivre la Festa Major de l&rsquo;Escala sur l&rsquo;eau, la r\u00e9gate continue d&rsquo;unir sport, territoire et mer dans un \u00e9v\u00e9nement devenu une partie int\u00e9grante de l&rsquo;identit\u00e9 du Club N\u00e0utic l&rsquo;Escala et de l&rsquo;\u00e9t\u00e9 escalenc.<br><br><\/p>\n<section class=\"article-section\"><div class=\"container\">\n\n<\/div><\/section>    <figure class=\"image-banner\">\t\n\t\t<img decoding=\"async\" src=\"https:\/\/nauticescala.com\/wp-content\/uploads\/2026\/08\/2026-nauticescala-regata-atena-2.jpg\" alt=\"\" \/>\n\t<\/figure><!-- end image-banner -->\n<section class=\"article-section\"><div class=\"container\">\n\n<\/div><\/section>\n<p><br><\/p>\n<section class=\"article-section\"><div class=\"container\">\n\n<\/div><\/section>\n<p>La comp\u00e9tition s&rsquo;est \u00e9galement d\u00e9roul\u00e9e dans le cadre du programme <strong>Port Responsable<\/strong> du Club N\u00e0utic l&rsquo;Escala, qui encourage l&rsquo;organisation d&rsquo;\u00e9v\u00e9nements sportifs plus durables et respectueux de l&rsquo;environnement. Parmi les actions mises en \u0153uvre cette ann\u00e9e figure la campagne <strong>\u00ab Porta&rsquo;m de cantimplora \u00bb<\/strong>, promue par Ports de la Generalitat, afin de r\u00e9duire l&rsquo;utilisation des plastiques \u00e0 usage unique et de promouvoir des habitudes plus durables aupr\u00e8s des participants et de leurs accompagnateurs.<\/p>\n<section class=\"article-section\"><div class=\"container\">\n\n<\/div><\/section>\n<p>La XXVe Regata Atena a \u00e9t\u00e9 organis\u00e9e par le Club N\u00e0utic l&rsquo;Escala par d\u00e9l\u00e9gation de la F\u00e9d\u00e9ration Catalane de Voile et avec la collaboration de la mairie de l&rsquo;Escala. Le Club remercie \u00e9galement l&rsquo;ensemble des organismes et entreprises partenaires qui ont contribu\u00e9 \u00e0 la r\u00e9ussite de cette \u00e9dition anniversaire, notamment l&rsquo;Office de Tourisme de l&rsquo;Escala, le Patronat de Tourisme Costa Brava Girona, la F\u00e9d\u00e9ration Catalane de Voile, La Ballena Alegre Costa Brava, Vacances Costa Brava, l&rsquo;Escala Resort et l&rsquo;Aparthotel El Cargol, ainsi que tous les b\u00e9n\u00e9voles, \u00e9quipes techniques et professionnels impliqu\u00e9s dans l&rsquo;organisation de l&rsquo;\u00e9v\u00e9nement.<\/p>\n<section class=\"article-section\"><div class=\"container\">\n\n<\/div><\/section>\n<p><\/p>\n<section class=\"article-section\"><div class=\"container\">\n\n<\/div><\/section>\n    \n        <div class=\"btn-box\">\n            <a href=\"https:\/\/nauticescala.com\/fr\/reservez-votre-activites-costa-brava\/2026-regata-atena\/\" target=\"_self\" class=\"btn btn-primary\">plus d&#039;informations <\/a>\n\n        \n        \n        \n            <a href=\"https:\/\/www.flickr.com\/photos\/nauticescala\/albums\/72157699254569531\/page2\" target=\"_blank\" class=\"btn btn-primary\">Photos<\/a>\n    \n\n        \n\n<\/div><!-- end btn-box -->\n\n   \n<section class=\"article-section\"><div class=\"container\">\n\n<\/div><\/section>    <figure class=\"image-banner\">\t\n\t\t<img decoding=\"async\" src=\"https:\/\/nauticescala.com\/wp-content\/uploads\/2024\/09\/2024-nauticescala-atena-regata-111.jpg\" alt=\"\" \/>\n\t<\/figure><!-- end image-banner -->\n","protected":false},"excerpt":{"rendered":"<p>La XXVe Regata Atena a c\u00e9l\u00e9br\u00e9 son 25e anniversaire en r\u00e9unissant 80 participants venus de Catalogne et du sud de la France lors d&rsquo;une \u00e9dition comm\u00e9morative organis\u00e9e par le Club N\u00e0utic l&rsquo;Escala.<\/p>\n","protected":false},"featured_media":103453,"parent":0,"template":"","news-categories":[963],"news-tags":[],"class_list":["post-103409","news","type-news","status-publish","has-post-thumbnail","hentry","news-categories-regates-fr"],"acf":[],"yoast_head":"<!-- This site is optimized with the Yoast SEO Premium plugin v20.7 (Yoast SEO v28.3) - https:\/\/yoast.com\/product\/yoast-seo-premium-wordpress\/ -->\n<title>25 ans de Regata Atena remplissant les eaux d&#039;Emp\u00faries de voiles &#8211; Club N\u00e0utic L\u2019Escala<\/title>\n<meta name=\"description\" content=\"25 ans de Regata Atena : 80 participants r\u00e9unis dans les eaux d&#039;Emp\u00faries pour cette \u00e9dition anniversaire.\" \/>\n<meta name=\"robots\" content=\"index, follow, max-snippet:-1, max-image-preview:large, max-video-preview:-1\" \/>\n<link rel=\"canonical\" href=\"https:\/\/nauticescala.com\/fr\/nouvelles\/25-ans-regata-atena\/\" \/>\n<meta property=\"og:locale\" content=\"fr_FR\" \/>\n<meta property=\"og:type\" content=\"article\" \/>\n<meta property=\"og:title\" content=\"25 ans de Regata Atena remplissant les eaux d&#039;Emp\u00faries de voiles\" \/>\n<meta property=\"og:description\" content=\"25 ans de Regata Atena : 80 participants r\u00e9unis dans les eaux d&#039;Emp\u00faries pour cette \u00e9dition anniversaire.\" \/>\n<meta property=\"og:url\" content=\"https:\/\/nauticescala.com\/fr\/nouvelles\/25-ans-regata-atena\/\" \/>\n<meta property=\"og:site_name\" content=\"Club N\u00e0utic L\u2019Escala\" \/>\n<meta property=\"article:modified_time\" content=\"2026-08-30T17:15:43+00:00\" \/>\n<meta property=\"og:image\" content=\"https:\/\/nauticescala.com\/wp-content\/uploads\/2026\/08\/2026-nauticescala-regata-atena.jpg\" \/>\n\t<meta property=\"og:image:width\" content=\"1800\" \/>\n\t<meta property=\"og:image:height\" content=\"907\" \/>\n\t<meta property=\"og:image:type\" content=\"image\/jpeg\" \/>\n<meta name=\"twitter:card\" content=\"summary_large_image\" \/>\n<meta name=\"twitter:label1\" content=\"Dur\u00e9e de lecture estim\u00e9e\" \/>\n\t<meta name=\"twitter:data1\" content=\"5 minutes\" \/>\n<script type=\"application\/ld+json\" class=\"yoast-schema-graph\">{\"@context\":\"https:\\\/\\\/schema.org\",\"@graph\":[{\"@type\":\"WebPage\",\"@id\":\"https:\\\/\\\/nauticescala.com\\\/fr\\\/nouvelles\\\/25-ans-regata-atena\\\/\",\"url\":\"https:\\\/\\\/nauticescala.com\\\/fr\\\/nouvelles\\\/25-ans-regata-atena\\\/\",\"name\":\"25 ans de Regata Atena remplissant les eaux d'Emp\u00faries de voiles &#8211; Club N\u00e0utic L\u2019Escala\",\"isPartOf\":{\"@id\":\"https:\\\/\\\/nauticescala.com\\\/#website\"},\"primaryImageOfPage\":{\"@id\":\"https:\\\/\\\/nauticescala.com\\\/fr\\\/nouvelles\\\/25-ans-regata-atena\\\/#primaryimage\"},\"image\":{\"@id\":\"https:\\\/\\\/nauticescala.com\\\/fr\\\/nouvelles\\\/25-ans-regata-atena\\\/#primaryimage\"},\"thumbnailUrl\":\"https:\\\/\\\/nauticescala.com\\\/wp-content\\\/uploads\\\/2026\\\/08\\\/2026-nauticescala-regata-atena.jpg\",\"datePublished\":\"2026-08-30T16:25:19+00:00\",\"dateModified\":\"2026-08-30T17:15:43+00:00\",\"description\":\"25 ans de Regata Atena : 80 participants r\u00e9unis dans les eaux d'Emp\u00faries pour cette \u00e9dition anniversaire.\",\"breadcrumb\":{\"@id\":\"https:\\\/\\\/nauticescala.com\\\/fr\\\/nouvelles\\\/25-ans-regata-atena\\\/#breadcrumb\"},\"inLanguage\":\"fr-FR\",\"potentialAction\":[{\"@type\":\"ReadAction\",\"target\":[\"https:\\\/\\\/nauticescala.com\\\/fr\\\/nouvelles\\\/25-ans-regata-atena\\\/\"]}]},{\"@type\":\"ImageObject\",\"inLanguage\":\"fr-FR\",\"@id\":\"https:\\\/\\\/nauticescala.com\\\/fr\\\/nouvelles\\\/25-ans-regata-atena\\\/#primaryimage\",\"url\":\"https:\\\/\\\/nauticescala.com\\\/wp-content\\\/uploads\\\/2026\\\/08\\\/2026-nauticescala-regata-atena.jpg\",\"contentUrl\":\"https:\\\/\\\/nauticescala.com\\\/wp-content\\\/uploads\\\/2026\\\/08\\\/2026-nauticescala-regata-atena.jpg\",\"width\":1800,\"height\":907},{\"@type\":\"BreadcrumbList\",\"@id\":\"https:\\\/\\\/nauticescala.com\\\/fr\\\/nouvelles\\\/25-ans-regata-atena\\\/#breadcrumb\",\"itemListElement\":[{\"@type\":\"ListItem\",\"position\":1,\"name\":\"Home\",\"item\":\"https:\\\/\\\/nauticescala.com\\\/fr\\\/\"},{\"@type\":\"ListItem\",\"position\":2,\"name\":\"Not\u00edcies\",\"item\":\"https:\\\/\\\/nauticescala.com\\\/noticies\\\/\"},{\"@type\":\"ListItem\",\"position\":3,\"name\":\"25 ans de Regata Atena remplissant les eaux d&#8217;Emp\u00faries de voiles\"}]},{\"@type\":\"WebSite\",\"@id\":\"https:\\\/\\\/nauticescala.com\\\/#website\",\"url\":\"https:\\\/\\\/nauticescala.com\\\/\",\"name\":\"Club N\u00e0utic L\u2019Escala\",\"description\":\"Port esportiu a la Costa Brava\",\"potentialAction\":[{\"@type\":\"SearchAction\",\"target\":{\"@type\":\"EntryPoint\",\"urlTemplate\":\"https:\\\/\\\/nauticescala.com\\\/?s={search_term_string}\"},\"query-input\":{\"@type\":\"PropertyValueSpecification\",\"valueRequired\":true,\"valueName\":\"search_term_string\"}}],\"inLanguage\":\"fr-FR\"}]}<\/script>\n<!-- \/ Yoast SEO Premium plugin. -->","yoast_head_json":{"title":"25 ans de Regata Atena remplissant les eaux d'Emp\u00faries de voiles &#8211; Club N\u00e0utic L\u2019Escala","description":"25 ans de Regata Atena : 80 participants r\u00e9unis dans les eaux d'Emp\u00faries pour cette \u00e9dition anniversaire.","robots":{"index":"index","follow":"follow","max-snippet":"max-snippet:-1","max-image-preview":"max-image-preview:large","max-video-preview":"max-video-preview:-1"},"canonical":"https:\/\/nauticescala.com\/fr\/nouvelles\/25-ans-regata-atena\/","og_locale":"fr_FR","og_type":"article","og_title":"25 ans de Regata Atena remplissant les eaux d'Emp\u00faries de voiles","og_description":"25 ans de Regata Atena : 80 participants r\u00e9unis dans les eaux d'Emp\u00faries pour cette \u00e9dition anniversaire.","og_url":"https:\/\/nauticescala.com\/fr\/nouvelles\/25-ans-regata-atena\/","og_site_name":"Club N\u00e0utic L\u2019Escala","article_modified_time":"2026-08-30T17:15:43+00:00","og_image":[{"width":1800,"height":907,"url":"https:\/\/nauticescala.com\/wp-content\/uploads\/2026\/08\/2026-nauticescala-regata-atena.jpg","type":"image\/jpeg"}],"twitter_card":"summary_large_image","twitter_misc":{"Dur\u00e9e de lecture estim\u00e9e":"5 minutes"},"schema":{"@context":"https:\/\/schema.org","@graph":[{"@type":"WebPage","@id":"https:\/\/nauticescala.com\/fr\/nouvelles\/25-ans-regata-atena\/","url":"https:\/\/nauticescala.com\/fr\/nouvelles\/25-ans-regata-atena\/","name":"25 ans de Regata Atena remplissant les eaux d'Emp\u00faries de voiles &#8211; Club N\u00e0utic L\u2019Escala","isPartOf":{"@id":"https:\/\/nauticescala.com\/#website"},"primaryImageOfPage":{"@id":"https:\/\/nauticescala.com\/fr\/nouvelles\/25-ans-regata-atena\/#primaryimage"},"image":{"@id":"https:\/\/nauticescala.com\/fr\/nouvelles\/25-ans-regata-atena\/#primaryimage"},"thumbnailUrl":"https:\/\/nauticescala.com\/wp-content\/uploads\/2026\/08\/2026-nauticescala-regata-atena.jpg","datePublished":"2026-08-30T16:25:19+00:00","dateModified":"2026-08-30T17:15:43+00:00","description":"25 ans de Regata Atena : 80 participants r\u00e9unis dans les eaux d'Emp\u00faries pour cette \u00e9dition anniversaire.","breadcrumb":{"@id":"https:\/\/nauticescala.com\/fr\/nouvelles\/25-ans-regata-atena\/#breadcrumb"},"inLanguage":"fr-FR","potentialAction":[{"@type":"ReadAction","target":["https:\/\/nauticescala.com\/fr\/nouvelles\/25-ans-regata-atena\/"]}]},{"@type":"ImageObject","inLanguage":"fr-FR","@id":"https:\/\/nauticescala.com\/fr\/nouvelles\/25-ans-regata-atena\/#primaryimage","url":"https:\/\/nauticescala.com\/wp-content\/uploads\/2026\/08\/2026-nauticescala-regata-atena.jpg","contentUrl":"https:\/\/nauticescala.com\/wp-content\/uploads\/2026\/08\/2026-nauticescala-regata-atena.jpg","width":1800,"height":907},{"@type":"BreadcrumbList","@id":"https:\/\/nauticescala.com\/fr\/nouvelles\/25-ans-regata-atena\/#breadcrumb","itemListElement":[{"@type":"ListItem","position":1,"name":"Home","item":"https:\/\/nauticescala.com\/fr\/"},{"@type":"ListItem","position":2,"name":"Not\u00edcies","item":"https:\/\/nauticescala.com\/noticies\/"},{"@type":"ListItem","position":3,"name":"25 ans de Regata Atena remplissant les eaux d&#8217;Emp\u00faries de voiles"}]},{"@type":"WebSite","@id":"https:\/\/nauticescala.com\/#website","url":"https:\/\/nauticescala.com\/","name":"Club N\u00e0utic L\u2019Escala","description":"Port esportiu a la Costa Brava","potentialAction":[{"@type":"SearchAction","target":{"@type":"EntryPoint","urlTemplate":"https:\/\/nauticescala.com\/?s={search_term_string}"},"query-input":{"@type":"PropertyValueSpecification","valueRequired":true,"valueName":"search_term_string"}}],"inLanguage":"fr-FR"}]}},"_links":{"self":[{"href":"https:\/\/nauticescala.com\/fr\/wp-json\/wp\/v2\/news\/103409","targetHints":{"allow":["GET"]}}],"collection":[{"href":"https:\/\/nauticescala.com\/fr\/wp-json\/wp\/v2\/news"}],"about":[{"href":"https:\/\/nauticescala.com\/fr\/wp-json\/wp\/v2\/types\/news"}],"wp:featuredmedia":[{"embeddable":true,"href":"https:\/\/nauticescala.com\/fr\/wp-json\/wp\/v2\/media\/103453"}],"wp:attachment":[{"href":"https:\/\/nauticescala.com\/fr\/wp-json\/wp\/v2\/media?parent=103409"}],"wp:term":[{"taxonomy":"news-categories","embeddable":true,"href":"https:\/\/nauticescala.com\/fr\/wp-json\/wp\/v2\/news-categories?post=103409"},{"taxonomy":"news-tags","embeddable":true,"href":"https:\/\/nauticescala.com\/fr\/wp-json\/wp\/v2\/news-tags?post=103409"}],"curies":[{"name":"wp","href":"https:\/\/api.w.org\/{rel}","templated":true}]}}