 {"id":38082,"date":"2022-04-01T08:05:00","date_gmt":"2022-04-01T06:05:00","guid":{"rendered":"http:\/\/nauticescala.com\/?post_type=news&#038;p=38082"},"modified":"2022-03-30T16:57:55","modified_gmt":"2022-03-30T14:57:55","slug":"medfoto-2022-inscription-ouverte","status":"publish","type":"news","link":"https:\/\/nauticescala.com\/fr\/nouvelles\/medfoto-2022-inscription-ouverte\/","title":{"rendered":"MedFoto ouvre la soumission de sa deuxi\u00e8me \u00e9dition"},"content":{"rendered":"\n<p>Le MedFoto, le concours de photo d\u00e9di\u00e9 \u00e0 la mer M\u00e9diterran\u00e9e et \u00e0 sa relation avec les gens que le Club organise avec la Fondation Alive, ouvre la p\u00e9riode d&rsquo;inscription pour sa deuxi\u00e8me \u00e9dition, une p\u00e9riode qui sera ouverte jusqu&rsquo;au 15 mai.<\/p>\n<section class=\"article-section\"><div class=\"container\">\n\n<\/div><\/section>    <figure class=\"image-banner\">\t\n\t\t<img decoding=\"async\" src=\"https:\/\/nauticescala.com\/wp-content\/uploads\/2022\/03\/2021-medfoto-3.jpg\" alt=\"2021-Medfoto-c-javier-herranz\" \/>\n\t<\/figure><!-- end image-banner -->\n<section class=\"article-section\"><div class=\"container\">\n\n<\/div><\/section>\n<h3 class=\"wp-block-heading\">Un concours pour professionnels et amateurs<\/h3>\n<section class=\"article-section\"><div class=\"container\">\n\n<\/div><\/section>\n<p>Nouvelle \u00e9dition d&rsquo;un concours de photographie qui souhaite inviter photographes professionnels et amateurs \u00e0 envoyer leurs images de la M\u00e9diterran\u00e9e.<\/p>\n<section class=\"article-section\"><div class=\"container\">\n\n<\/div><\/section>\n<p>Des photographies qui, sur le th\u00e8me de la relation entre la mer et les gens, peuvent traiter \u00e0 la fois de ce qui se passe \u00e0 sa surface et de ce qui se passe sous ses eaux; des activit\u00e9s nautiques sportives et professionnelles. C&rsquo;est pourquoi MedFoto propose jusqu&rsquo;\u00e0 sept cat\u00e9gories de concours et, parmi elles, une d\u00e9di\u00e9e aux images prises avec des portables.<\/p>\n<section class=\"article-section\"><div class=\"container\">\n\n<\/div><\/section>\n<p>Les participants peuvent pr\u00e9senter jusqu&rsquo;\u00e0 15 photographies r\u00e9parties dans l&rsquo;une des sept cat\u00e9gories propos\u00e9es : Paysage, Vie sauvage, Sports et loisirs, M\u00e9tiers de la mer, Sous l\u2019eau, Conservation et changement climatique et Avec portable.<\/p>\n<section class=\"article-section\"><div class=\"container\">\n\n<\/div><\/section>    <figure class=\"image-banner\">\t\n\t\t<img decoding=\"async\" src=\"https:\/\/nauticescala.com\/wp-content\/uploads\/2022\/02\/2021-medfoto-23.jpg\" alt=\"\" \/>\n\t<\/figure><!-- end image-banner -->\n<section class=\"article-section\"><div class=\"container\">\n\n<\/div><\/section>\n<h3 class=\"wp-block-heading\">Un concours avec des prix en esp\u00e8ces<\/h3>\n<section class=\"article-section\"><div class=\"container\">\n\n<\/div><\/section>\n<p>Parmi tous les candidats, plus de 3 000 euros de prix en esp\u00e8ces seront remis aux gagnants, en plus de quatre prix sp\u00e9ciaux consistant en des exp\u00e9riences \u00e0 L&rsquo;Escala. Ce seront pour les meilleures photographies prises dans les limites g\u00e9ographiques de l&rsquo;Escala et de la Costa Brava, celle pr\u00e9sent\u00e9e par un auteur de moins de 16 ans et pour l&rsquo;image finaliste qui obtiendra le plus de \u00ab\u00a0J&rsquo;aime\u00a0\u00bb sur le compte Instagram du concours. Le vote populaire pour d\u00e9couvrir le gagnant d&rsquo;une sortie en voilier sur la Costa Brava aura lieu du 1er au 15 juillet.<\/p>\n<section class=\"article-section\"><div class=\"container\">\n\n<\/div><\/section>    <figure class=\"image-banner\">\t\n\t\t<img decoding=\"async\" src=\"https:\/\/nauticescala.com\/wp-content\/uploads\/2022\/03\/2021-medfoto-19.jpg\" alt=\"2021-Medfoto-c-Carlos Virgili\" \/>\n\t<\/figure><!-- end image-banner -->\n<section class=\"article-section\"><div class=\"container\">\n\n<\/div><\/section>\n<h3 class=\"wp-block-heading\">Le temps de conna\u00eetre les gagnants<\/h3>\n<section class=\"article-section\"><div class=\"container\">\n\n<\/div><\/section>\n<p>Les gagnants seront annonc\u00e9s lors de la c\u00e9r\u00e9monie de remise des prix, qui aura lieu au Club N\u00e0utic l&rsquo;Escala le 5 ao\u00fbt. Au cours de l&rsquo;\u00e9v\u00e9nement, sera \u00e9galement inaugur\u00e9e l&rsquo;exposition des 42 images finalistes, qui pourront \u00eatre visit\u00e9es dans le Club Salle du Conseil jusqu&rsquo;au 4 septembre.<\/p>\n<section class=\"article-section\"><div class=\"container\">\n\n<\/div><\/section>    <figure class=\"image-banner\">\t\n\t\t<img decoding=\"async\" src=\"https:\/\/nauticescala.com\/wp-content\/uploads\/2022\/03\/2021-medfoto-24.jpg\" alt=\"2021-Medfoto-c-rafael-fernandez\" \/>\n\t<\/figure><!-- end image-banner -->\n<section class=\"article-section\"><div class=\"container\">\n\n<\/div><\/section>\n<h3 class=\"wp-block-heading\">Un concours avec des valeurs<\/h3>\n<section class=\"article-section\"><div class=\"container\">\n\n<\/div><\/section>\n<p>MedFoto est une initiative n\u00e9e de la collaboration entre la Fondation Alive et le Club N\u00e0utic l&rsquo;Escala et vise \u00e0 mettre en \u00e9vidence la relation fragile entre les gens et la mer, ainsi qu&rsquo;\u00e0 promouvoir les valeurs naturelles du milieu marin et \u00e0 encourager une attitude responsable de tous les agents op\u00e9rant dans le monde marin et le grand public. Avec la collecte et la diffusion du mat\u00e9riel visuel du concours, le concours vise \u00e0 contribuer \u00e0 la connaissance et \u00e0 la pr\u00e9servation du milieu marin.<\/p>\n<section class=\"article-section\"><div class=\"container\">\n\n<\/div><\/section>\n<p>Dans cette \u00e9dition, l&rsquo;\u00e9v\u00e9nement b\u00e9n\u00e9ficie du soutien de la Mairie de L&rsquo;Escala, des Ports de la Generalitat de Catalogne, du camping La Ballena Alegre, du Portalblau Festival et d&rsquo;Improcat.<\/p>\n<section class=\"article-section\"><div class=\"container\">\n\n<\/div><\/section>\n<h3 class=\"wp-block-heading\"><a href=\"https:\/\/medfoto.org\/?lang=fr\" target=\"_blank\" rel=\"noreferrer noopener\">Consultez les bases et participez!<\/a><\/h3>\n","protected":false},"excerpt":{"rendered":"<p>Le MedFoto, le concours de photographie que le Club organise avec Fundaci\u00f3 Alive, ouvre la p\u00e9riode d&rsquo;inscription pour sa deuxi\u00e8me \u00e9dition.<\/p>\n","protected":false},"featured_media":38057,"parent":0,"template":"","news-categories":[966],"news-tags":[],"class_list":["post-38082","news","type-news","status-publish","has-post-thumbnail","hentry","news-categories-social-fr"],"acf":[],"yoast_head":"<!-- This site is optimized with the Yoast SEO Premium plugin v20.7 (Yoast SEO v27.5) - https:\/\/yoast.com\/product\/yoast-seo-premium-wordpress\/ -->\n<title>MedFoto ouvre la soumission de sa deuxi\u00e8me \u00e9dition &#8211; Club N\u00e0utic L\u2019Escala<\/title>\n<meta name=\"description\" content=\"Le MedFoto, le concours de photographie que le Club organise avec Fundaci\u00f3 Alive, ouvre la p\u00e9riode d&#039;inscription pour sa deuxi\u00e8me \u00e9dition.\" \/>\n<meta name=\"robots\" content=\"index, follow, max-snippet:-1, max-image-preview:large, max-video-preview:-1\" \/>\n<link rel=\"canonical\" href=\"https:\/\/nauticescala.com\/fr\/nouvelles\/medfoto-2022-inscription-ouverte\/\" \/>\n<meta property=\"og:locale\" content=\"fr_FR\" \/>\n<meta property=\"og:type\" content=\"article\" \/>\n<meta property=\"og:title\" content=\"MedFoto ouvre la soumission de sa deuxi\u00e8me \u00e9dition\" \/>\n<meta property=\"og:description\" content=\"Le MedFoto, le concours de photographie que le Club organise avec Fundaci\u00f3 Alive, ouvre la p\u00e9riode d&#039;inscription pour sa deuxi\u00e8me \u00e9dition.\" \/>\n<meta property=\"og:url\" content=\"https:\/\/nauticescala.com\/fr\/nouvelles\/medfoto-2022-inscription-ouverte\/\" \/>\n<meta property=\"og:site_name\" content=\"Club N\u00e0utic L\u2019Escala\" \/>\n<meta property=\"og:image\" content=\"https:\/\/nauticescala.com\/wp-content\/uploads\/2022\/03\/2021-medfoto-2.jpg\" \/>\n\t<meta property=\"og:image:width\" content=\"2000\" \/>\n\t<meta property=\"og:image:height\" content=\"1004\" \/>\n\t<meta property=\"og:image:type\" content=\"image\/jpeg\" \/>\n<meta name=\"twitter:card\" content=\"summary_large_image\" \/>\n<meta name=\"twitter:label1\" content=\"Dur\u00e9e de lecture estim\u00e9e\" \/>\n\t<meta name=\"twitter:data1\" content=\"3 minutes\" \/>\n<script type=\"application\/ld+json\" class=\"yoast-schema-graph\">{\"@context\":\"https:\\\/\\\/schema.org\",\"@graph\":[{\"@type\":\"WebPage\",\"@id\":\"https:\\\/\\\/nauticescala.com\\\/fr\\\/nouvelles\\\/medfoto-2022-inscription-ouverte\\\/\",\"url\":\"https:\\\/\\\/nauticescala.com\\\/fr\\\/nouvelles\\\/medfoto-2022-inscription-ouverte\\\/\",\"name\":\"MedFoto ouvre la soumission de sa deuxi\u00e8me \u00e9dition &#8211; Club N\u00e0utic L\u2019Escala\",\"isPartOf\":{\"@id\":\"https:\\\/\\\/nauticescala.com\\\/#website\"},\"primaryImageOfPage\":{\"@id\":\"https:\\\/\\\/nauticescala.com\\\/fr\\\/nouvelles\\\/medfoto-2022-inscription-ouverte\\\/#primaryimage\"},\"image\":{\"@id\":\"https:\\\/\\\/nauticescala.com\\\/fr\\\/nouvelles\\\/medfoto-2022-inscription-ouverte\\\/#primaryimage\"},\"thumbnailUrl\":\"https:\\\/\\\/nauticescala.com\\\/wp-content\\\/uploads\\\/2022\\\/03\\\/2021-medfoto-2.jpg\",\"datePublished\":\"2022-04-01T06:05:00+00:00\",\"description\":\"Le MedFoto, le concours de photographie que le Club organise avec Fundaci\u00f3 Alive, ouvre la p\u00e9riode d'inscription pour sa deuxi\u00e8me \u00e9dition.\",\"breadcrumb\":{\"@id\":\"https:\\\/\\\/nauticescala.com\\\/fr\\\/nouvelles\\\/medfoto-2022-inscription-ouverte\\\/#breadcrumb\"},\"inLanguage\":\"fr-FR\",\"potentialAction\":[{\"@type\":\"ReadAction\",\"target\":[\"https:\\\/\\\/nauticescala.com\\\/fr\\\/nouvelles\\\/medfoto-2022-inscription-ouverte\\\/\"]}]},{\"@type\":\"ImageObject\",\"inLanguage\":\"fr-FR\",\"@id\":\"https:\\\/\\\/nauticescala.com\\\/fr\\\/nouvelles\\\/medfoto-2022-inscription-ouverte\\\/#primaryimage\",\"url\":\"https:\\\/\\\/nauticescala.com\\\/wp-content\\\/uploads\\\/2022\\\/03\\\/2021-medfoto-2.jpg\",\"contentUrl\":\"https:\\\/\\\/nauticescala.com\\\/wp-content\\\/uploads\\\/2022\\\/03\\\/2021-medfoto-2.jpg\",\"width\":2000,\"height\":1004,\"caption\":\"2021-Medfoto-c-francisco javier garcia\"},{\"@type\":\"BreadcrumbList\",\"@id\":\"https:\\\/\\\/nauticescala.com\\\/fr\\\/nouvelles\\\/medfoto-2022-inscription-ouverte\\\/#breadcrumb\",\"itemListElement\":[{\"@type\":\"ListItem\",\"position\":1,\"name\":\"Home\",\"item\":\"https:\\\/\\\/nauticescala.com\\\/fr\\\/\"},{\"@type\":\"ListItem\",\"position\":2,\"name\":\"Not\u00edcies\",\"item\":\"https:\\\/\\\/nauticescala.com\\\/noticies\\\/\"},{\"@type\":\"ListItem\",\"position\":3,\"name\":\"MedFoto ouvre la soumission de sa deuxi\u00e8me \u00e9dition\"}]},{\"@type\":\"WebSite\",\"@id\":\"https:\\\/\\\/nauticescala.com\\\/#website\",\"url\":\"https:\\\/\\\/nauticescala.com\\\/\",\"name\":\"Club N\u00e0utic L\u2019Escala\",\"description\":\"Port esportiu a la Costa Brava\",\"potentialAction\":[{\"@type\":\"SearchAction\",\"target\":{\"@type\":\"EntryPoint\",\"urlTemplate\":\"https:\\\/\\\/nauticescala.com\\\/?s={search_term_string}\"},\"query-input\":{\"@type\":\"PropertyValueSpecification\",\"valueRequired\":true,\"valueName\":\"search_term_string\"}}],\"inLanguage\":\"fr-FR\"}]}<\/script>\n<!-- \/ Yoast SEO Premium plugin. -->","yoast_head_json":{"title":"MedFoto ouvre la soumission de sa deuxi\u00e8me \u00e9dition &#8211; Club N\u00e0utic L\u2019Escala","description":"Le MedFoto, le concours de photographie que le Club organise avec Fundaci\u00f3 Alive, ouvre la p\u00e9riode d'inscription pour sa deuxi\u00e8me \u00e9dition.","robots":{"index":"index","follow":"follow","max-snippet":"max-snippet:-1","max-image-preview":"max-image-preview:large","max-video-preview":"max-video-preview:-1"},"canonical":"https:\/\/nauticescala.com\/fr\/nouvelles\/medfoto-2022-inscription-ouverte\/","og_locale":"fr_FR","og_type":"article","og_title":"MedFoto ouvre la soumission de sa deuxi\u00e8me \u00e9dition","og_description":"Le MedFoto, le concours de photographie que le Club organise avec Fundaci\u00f3 Alive, ouvre la p\u00e9riode d'inscription pour sa deuxi\u00e8me \u00e9dition.","og_url":"https:\/\/nauticescala.com\/fr\/nouvelles\/medfoto-2022-inscription-ouverte\/","og_site_name":"Club N\u00e0utic L\u2019Escala","og_image":[{"width":2000,"height":1004,"url":"https:\/\/nauticescala.com\/wp-content\/uploads\/2022\/03\/2021-medfoto-2.jpg","type":"image\/jpeg"}],"twitter_card":"summary_large_image","twitter_misc":{"Dur\u00e9e de lecture estim\u00e9e":"3 minutes"},"schema":{"@context":"https:\/\/schema.org","@graph":[{"@type":"WebPage","@id":"https:\/\/nauticescala.com\/fr\/nouvelles\/medfoto-2022-inscription-ouverte\/","url":"https:\/\/nauticescala.com\/fr\/nouvelles\/medfoto-2022-inscription-ouverte\/","name":"MedFoto ouvre la soumission de sa deuxi\u00e8me \u00e9dition &#8211; Club N\u00e0utic L\u2019Escala","isPartOf":{"@id":"https:\/\/nauticescala.com\/#website"},"primaryImageOfPage":{"@id":"https:\/\/nauticescala.com\/fr\/nouvelles\/medfoto-2022-inscription-ouverte\/#primaryimage"},"image":{"@id":"https:\/\/nauticescala.com\/fr\/nouvelles\/medfoto-2022-inscription-ouverte\/#primaryimage"},"thumbnailUrl":"https:\/\/nauticescala.com\/wp-content\/uploads\/2022\/03\/2021-medfoto-2.jpg","datePublished":"2022-04-01T06:05:00+00:00","description":"Le MedFoto, le concours de photographie que le Club organise avec Fundaci\u00f3 Alive, ouvre la p\u00e9riode d'inscription pour sa deuxi\u00e8me \u00e9dition.","breadcrumb":{"@id":"https:\/\/nauticescala.com\/fr\/nouvelles\/medfoto-2022-inscription-ouverte\/#breadcrumb"},"inLanguage":"fr-FR","potentialAction":[{"@type":"ReadAction","target":["https:\/\/nauticescala.com\/fr\/nouvelles\/medfoto-2022-inscription-ouverte\/"]}]},{"@type":"ImageObject","inLanguage":"fr-FR","@id":"https:\/\/nauticescala.com\/fr\/nouvelles\/medfoto-2022-inscription-ouverte\/#primaryimage","url":"https:\/\/nauticescala.com\/wp-content\/uploads\/2022\/03\/2021-medfoto-2.jpg","contentUrl":"https:\/\/nauticescala.com\/wp-content\/uploads\/2022\/03\/2021-medfoto-2.jpg","width":2000,"height":1004,"caption":"2021-Medfoto-c-francisco javier garcia"},{"@type":"BreadcrumbList","@id":"https:\/\/nauticescala.com\/fr\/nouvelles\/medfoto-2022-inscription-ouverte\/#breadcrumb","itemListElement":[{"@type":"ListItem","position":1,"name":"Home","item":"https:\/\/nauticescala.com\/fr\/"},{"@type":"ListItem","position":2,"name":"Not\u00edcies","item":"https:\/\/nauticescala.com\/noticies\/"},{"@type":"ListItem","position":3,"name":"MedFoto ouvre la soumission de sa deuxi\u00e8me \u00e9dition"}]},{"@type":"WebSite","@id":"https:\/\/nauticescala.com\/#website","url":"https:\/\/nauticescala.com\/","name":"Club N\u00e0utic L\u2019Escala","description":"Port esportiu a la Costa Brava","potentialAction":[{"@type":"SearchAction","target":{"@type":"EntryPoint","urlTemplate":"https:\/\/nauticescala.com\/?s={search_term_string}"},"query-input":{"@type":"PropertyValueSpecification","valueRequired":true,"valueName":"search_term_string"}}],"inLanguage":"fr-FR"}]}},"_links":{"self":[{"href":"https:\/\/nauticescala.com\/fr\/wp-json\/wp\/v2\/news\/38082","targetHints":{"allow":["GET"]}}],"collection":[{"href":"https:\/\/nauticescala.com\/fr\/wp-json\/wp\/v2\/news"}],"about":[{"href":"https:\/\/nauticescala.com\/fr\/wp-json\/wp\/v2\/types\/news"}],"wp:featuredmedia":[{"embeddable":true,"href":"https:\/\/nauticescala.com\/fr\/wp-json\/wp\/v2\/media\/38057"}],"wp:attachment":[{"href":"https:\/\/nauticescala.com\/fr\/wp-json\/wp\/v2\/media?parent=38082"}],"wp:term":[{"taxonomy":"news-categories","embeddable":true,"href":"https:\/\/nauticescala.com\/fr\/wp-json\/wp\/v2\/news-categories?post=38082"},{"taxonomy":"news-tags","embeddable":true,"href":"https:\/\/nauticescala.com\/fr\/wp-json\/wp\/v2\/news-tags?post=38082"}],"curies":[{"name":"wp","href":"https:\/\/api.w.org\/{rel}","templated":true}]}}